{"id":137969,"date":"2025-05-21T21:22:47","date_gmt":"2025-05-22T00:22:47","guid":{"rendered":"https:\/\/www.elsindical.com.ar\/notas\/?p=137969"},"modified":"2025-05-21T21:22:52","modified_gmt":"2025-05-22T00:22:52","slug":"el-gobierno-confirmo-que-no-dara-marcha-atras-con-la-quita-de-aranceles-que-pone-en-riesgo-8-mil-empleos-en-tierra-del-fuego","status":"publish","type":"post","link":"https:\/\/www.elsindical.com.ar\/notas\/el-gobierno-confirmo-que-no-dara-marcha-atras-con-la-quita-de-aranceles-que-pone-en-riesgo-8-mil-empleos-en-tierra-del-fuego\/","title":{"rendered":"El Gobierno confirm\u00f3 que no dar\u00e1 marcha atr\u00e1s con la quita de aranceles que pone en riesgo 8 mil empleos en Tierra del Fuego"},"content":{"rendered":"<div class=\"wp-block-image\">\n<figure class=\"aligncenter size-full is-resized\"><a href=\"https:\/\/www.elsindical.com.ar\/notas\/var\/www\/html\/notas\/wp-content\/uploads\/2025\/05\/UOM-Tierra-del-Fuego.jpeg\"><img loading=\"lazy\" decoding=\"async\" width=\"470\" height=\"313\" src=\"https:\/\/www.elsindical.com.ar\/notas\/var\/www\/html\/notas\/wp-content\/uploads\/2025\/05\/UOM-Tierra-del-Fuego.jpeg\" alt=\"\" class=\"wp-image-137970\" style=\"width:636px;height:auto\" srcset=\"https:\/\/www.elsindical.com.ar\/notas\/var\/www\/html\/notas\/wp-content\/uploads\/2025\/05\/UOM-Tierra-del-Fuego.jpeg 470w, https:\/\/www.elsindical.com.ar\/notas\/var\/www\/html\/notas\/wp-content\/uploads\/2025\/05\/UOM-Tierra-del-Fuego-300x200.jpeg 300w\" sizes=\"auto, (max-width: 470px) 100vw, 470px\" \/><\/a><\/figure>\n<\/div>\n\n\n<p>Manuel Adorni defendi\u00f3 la medida oficializada este martes y afirm\u00f3 que \u201csostener puestos laborales con impuestos que pagan otros argentinos es injusto\u201d. El conflicto con la provincia austral sigue abierto.<\/p>\n\n\n\n<p>En medio del conflicto con <strong>Tierra del Fuego por la eliminaci\u00f3n de aranceles a la importaci\u00f3n de productos electr\u00f3nicos<\/strong>, el Gobierno nacional ratific\u00f3 este mi\u00e9rcoles que no dar\u00e1 marcha atr\u00e1s con la medida, que pone en riesgo m\u00e1s de 8.000 empleos en la provincia.<\/p>\n\n\n\n<p>\u201cEl esquema donde se sostienen determinados puestos laborales o producci\u00f3n a base de impuestos que pagan otros argentinos es, de m\u00ednima, injusto\u201d, sostuvo el vocero presidencial Manuel Adorni durante su habitual conferencia de prensa en Casa Rosada.<\/p>\n\n\n\n<p>La decisi\u00f3n, oficializada el martes, <strong>elimina la protecci\u00f3n arancelaria para productos electr\u00f3nicos ensamblados en Tierra del Fuego, lo que gener\u00f3 un fuerte rechazo por parte del gobierno provincial, sindicatos y empresarios del sector.<\/strong> A pesar del impacto potencial sobre el empleo, la Casa Rosada insiste en avanzar.<\/p>\n\n\n\n<p>\u201cLa decisi\u00f3n queda tal cual se anunci\u00f3\u201d, reafirm\u00f3 Adorni. \u201cEntendemos que la baja de aranceles y de impuestos es simplemente m\u00e1s dinero en el bolsillo de los contribuyentes\u201d, agreg\u00f3.<\/p>\n\n\n\n<p>El vocero tambi\u00e9n apunt\u00f3 contra la l\u00f3gica de subsidios cruzados. \u201cQue tu producto tenga que salir m\u00e1s caro para sostener una fuente de trabajo en sectores donde muchas veces tienen riquezas naturales, como pasa en este caso, o posibilidad de explotar otras fuentes de ingreso como el turismo, no es justo\u201d, argument\u00f3.<\/p>\n\n\n\n<p>Consultado sobre el v\u00ednculo con las autoridades fueguinas, Adorni aclar\u00f3 que el di\u00e1logo no est\u00e1 roto. \u201cNunca se va a cortar, menos con autoridades provinciales\u201d, afirm\u00f3.<\/p>\n\n\n\n<p>La medida genera incertidumbre en la provincia, cuya matriz productiva depende en gran parte de la industria electr\u00f3nica radicada en el r\u00e9gimen promocional fueguino. Desde la gesti\u00f3n del gobernador Gustavo Melella reclaman que la decisi\u00f3n se revise y advierten sobre el posible colapso del empleo y la actividad econ\u00f3mica local si no se toma alguna medida compensatoria.<\/p>\n","protected":false},"excerpt":{"rendered":"<p>Manuel Adorni defendi\u00f3 la medida oficializada este martes y afirm\u00f3 que \u201csostener puestos laborales con impuestos que pagan otros argentinos es injusto\u201d. El conflicto con la provincia austral sigue abierto. En medio del conflicto con Tierra del Fuego por la eliminaci\u00f3n de aranceles a la importaci\u00f3n de productos electr\u00f3nicos, el Gobierno nacional ratific\u00f3 este mi\u00e9rcoles&hellip;<\/p>\n","protected":false},"author":1,"featured_media":137970,"comment_status":"open","ping_status":"open","sticky":false,"template":"","format":"standard","meta":{"footnotes":""},"categories":[16,13],"tags":[28469,2450,4842,761,12920],"class_list":["post-137969","post","type-post","status-publish","format-standard","has-post-thumbnail","hentry","category-gremiales","category-politica","tag-aranceles","tag-diario-el-sindical","tag-empleos","tag-gobierno-nacional","tag-tierra-del-fuego"],"_links":{"self":[{"href":"https:\/\/www.elsindical.com.ar\/notas\/wp-json\/wp\/v2\/posts\/137969","targetHints":{"allow":["GET"]}}],"collection":[{"href":"https:\/\/www.elsindical.com.ar\/notas\/wp-json\/wp\/v2\/posts"}],"about":[{"href":"https:\/\/www.elsindical.com.ar\/notas\/wp-json\/wp\/v2\/types\/post"}],"author":[{"embeddable":true,"href":"https:\/\/www.elsindical.com.ar\/notas\/wp-json\/wp\/v2\/users\/1"}],"replies":[{"embeddable":true,"href":"https:\/\/www.elsindical.com.ar\/notas\/wp-json\/wp\/v2\/comments?post=137969"}],"version-history":[{"count":1,"href":"https:\/\/www.elsindical.com.ar\/notas\/wp-json\/wp\/v2\/posts\/137969\/revisions"}],"predecessor-version":[{"id":137971,"href":"https:\/\/www.elsindical.com.ar\/notas\/wp-json\/wp\/v2\/posts\/137969\/revisions\/137971"}],"wp:featuredmedia":[{"embeddable":true,"href":"https:\/\/www.elsindical.com.ar\/notas\/wp-json\/wp\/v2\/media\/137970"}],"wp:attachment":[{"href":"https:\/\/www.elsindical.com.ar\/notas\/wp-json\/wp\/v2\/media?parent=137969"}],"wp:term":[{"taxonomy":"category","embeddable":true,"href":"https:\/\/www.elsindical.com.ar\/notas\/wp-json\/wp\/v2\/categories?post=137969"},{"taxonomy":"post_tag","embeddable":true,"href":"https:\/\/www.elsindical.com.ar\/notas\/wp-json\/wp\/v2\/tags?post=137969"}],"curies":[{"name":"wp","href":"https:\/\/api.w.org\/{rel}","templated":true}]}}