{"id":137951,"date":"2025-05-20T14:34:29","date_gmt":"2025-05-20T17:34:29","guid":{"rendered":"https:\/\/www.elsindical.com.ar\/notas\/?p=137951"},"modified":"2025-05-20T14:34:39","modified_gmt":"2025-05-20T17:34:39","slug":"habilitaron-tramite-expres-digital-para-la-tenencia-de-armas-de-fuego-y-la-acreditacion-en-mi-argentina","status":"publish","type":"post","link":"https:\/\/www.elsindical.com.ar\/notas\/habilitaron-tramite-expres-digital-para-la-tenencia-de-armas-de-fuego-y-la-acreditacion-en-mi-argentina\/","title":{"rendered":"Habilitaron tr\u00e1mite expr\u00e9s digital para la tenencia de armas de fuego y la acreditaci\u00f3n en Mi Argentina"},"content":{"rendered":"<div class=\"wp-block-image\">\n<figure class=\"aligncenter size-full\"><a href=\"https:\/\/www.elsindical.com.ar\/notas\/var\/www\/html\/notas\/wp-content\/uploads\/2025\/05\/tenencia-de-armas.jpg\"><img loading=\"lazy\" decoding=\"async\" width=\"700\" height=\"409\" src=\"https:\/\/www.elsindical.com.ar\/notas\/var\/www\/html\/notas\/wp-content\/uploads\/2025\/05\/tenencia-de-armas.jpg\" alt=\"\" class=\"wp-image-137952\" srcset=\"https:\/\/www.elsindical.com.ar\/notas\/var\/www\/html\/notas\/wp-content\/uploads\/2025\/05\/tenencia-de-armas.jpg 700w, https:\/\/www.elsindical.com.ar\/notas\/var\/www\/html\/notas\/wp-content\/uploads\/2025\/05\/tenencia-de-armas-300x175.jpg 300w\" sizes=\"auto, (max-width: 700px) 100vw, 700px\" \/><\/a><\/figure>\n<\/div>\n\n\n<p>Desde la plataforma online MiAnmac se puede acceder para gestionar los tr\u00e1mites y solicitar la tenencia de armas y municiones, anunciaron en el Bolet\u00edn Oficial.<\/p>\n\n\n\n<p>El Gobierno implement\u00f3 un<strong> tr\u00e1mite expr\u00e9s<\/strong> de modalidad virtual para acceder con mayor agilidad a los <strong>permisos de tenencia de<a href=\"https:\/\/www.diariouno.com.ar\/tags\/armas\" target=\"_blank\" rel=\"noreferrer noopener\"> armas de fuego<\/a><\/strong> y ya rige desde este martes.<\/p>\n\n\n\n<p>\u201cApru\u00e9base la implementaci\u00f3n del tr\u00e1mite digital denominado \u201cTenencia Express\u201d, en el marco del <strong>Plan de Transformaci\u00f3n Digital Integral<\/strong> de la Agencia Nacional de Materiales Controlados (ANMaC). El mismo estar\u00e1 destinado a la obtenci\u00f3n de la tenencia de armas de fuego con C\u00f3digo \u00danico de Identificaci\u00f3n del Material (CUIM), adquiridas a trav\u00e9s de Usuarios Comerciales (UCOM &#8211; Armer\u00edas) por usuarios individuales y miembros de las Fuerzas Armadas, de Seguridad, polic\u00edas y servicios penitenciarios\u201d, detalla la Resoluci\u00f3n 45\/2025, firmada por Juan Pablo Allan, actual titular del organismo, y <a href=\"https:\/\/www.boletinoficial.gov.ar\/detalleAviso\/primera\/325607\/20250520\" target=\"_blank\" rel=\"noreferrer noopener\">publicada en el Bolet\u00edn Oficial<\/a>.<\/p>\n\n\n\n<p>Desde la plataforma online MiAnmac se puede acceder para<strong> gestionar los tr\u00e1mites y solicitar la tenencia de armas<\/strong>, acceder a la Tarjeta de Consumo de Municiones (TCCM), efectuar los pagos correspondientes.<\/p>\n\n\n\n<p>Las <strong>credenciales digitales<\/strong>, que se integrar\u00e1n de forma autom\u00e1tica con la aplicaci\u00f3n <strong>MiArgentina<\/strong>.<\/p>\n\n\n\n<p>Desde Naci\u00f3n explicaron que dentro de los procesos de desregulaci\u00f3n se busca agilizar, garantizar trazabilidad y reforzar los controles, sin perder de vista los requisitos legales vigentes. Uno de los cambios es que ya no son necesarias habilitaciones municipales para los usuarios.<\/p>\n\n\n\n<h2 class=\"wp-block-heading\">Algunos requisitos para la obtenci\u00f3n de credenciales digitales para portar armas<\/h2>\n\n\n\n<ul class=\"wp-block-list\">\n<li>Acceder al sitio web de <a href=\"https:\/\/www.argentina.gob.ar\/seguridad\/anmac\/tramites\/individuales\" target=\"_blank\" rel=\"noreferrer noopener\">MiAnmac<\/a>.<\/li>\n\n\n\n<li>Tener m\u00e1s de 18 a\u00f1os.<\/li>\n\n\n\n<li>No presentar anormalidades ps\u00edquicas o f\u00edsicas que incapaciten para la tenencia de armas de fuego.<\/li>\n\n\n\n<li>Pagar el tr\u00e1mite fijado en 20 Unidades ANMaC (equivalente a $20.000)<\/li>\n\n\n\n<li>Pagar la Tarjeta de Consumo de Municiones TCCM tendr\u00e1 un costo de 10 Unidades ANMaC.<\/li>\n<\/ul>\n","protected":false},"excerpt":{"rendered":"<p>Desde la plataforma online MiAnmac se puede acceder para gestionar los tr\u00e1mites y solicitar la tenencia de armas y municiones, anunciaron en el Bolet\u00edn Oficial. El Gobierno implement\u00f3 un tr\u00e1mite expr\u00e9s de modalidad virtual para acceder con mayor agilidad a los permisos de tenencia de armas de fuego y ya rige desde este martes. \u201cApru\u00e9base&hellip;<\/p>\n","protected":false},"author":1,"featured_media":137952,"comment_status":"open","ping_status":"open","sticky":false,"template":"","format":"standard","meta":{"footnotes":""},"categories":[13],"tags":[33746,45247,2450,30390,45246,10924,8213,45245,376],"class_list":["post-137951","post","type-post","status-publish","format-standard","has-post-thumbnail","hentry","category-politica","tag-anmac","tag-clu","tag-diario-el-sindical","tag-mi-argentina","tag-tccm","tag-tenencia-de-armas","tag-tramites","tag-ucom","tag-usuarios"],"_links":{"self":[{"href":"https:\/\/www.elsindical.com.ar\/notas\/wp-json\/wp\/v2\/posts\/137951","targetHints":{"allow":["GET"]}}],"collection":[{"href":"https:\/\/www.elsindical.com.ar\/notas\/wp-json\/wp\/v2\/posts"}],"about":[{"href":"https:\/\/www.elsindical.com.ar\/notas\/wp-json\/wp\/v2\/types\/post"}],"author":[{"embeddable":true,"href":"https:\/\/www.elsindical.com.ar\/notas\/wp-json\/wp\/v2\/users\/1"}],"replies":[{"embeddable":true,"href":"https:\/\/www.elsindical.com.ar\/notas\/wp-json\/wp\/v2\/comments?post=137951"}],"version-history":[{"count":1,"href":"https:\/\/www.elsindical.com.ar\/notas\/wp-json\/wp\/v2\/posts\/137951\/revisions"}],"predecessor-version":[{"id":137953,"href":"https:\/\/www.elsindical.com.ar\/notas\/wp-json\/wp\/v2\/posts\/137951\/revisions\/137953"}],"wp:featuredmedia":[{"embeddable":true,"href":"https:\/\/www.elsindical.com.ar\/notas\/wp-json\/wp\/v2\/media\/137952"}],"wp:attachment":[{"href":"https:\/\/www.elsindical.com.ar\/notas\/wp-json\/wp\/v2\/media?parent=137951"}],"wp:term":[{"taxonomy":"category","embeddable":true,"href":"https:\/\/www.elsindical.com.ar\/notas\/wp-json\/wp\/v2\/categories?post=137951"},{"taxonomy":"post_tag","embeddable":true,"href":"https:\/\/www.elsindical.com.ar\/notas\/wp-json\/wp\/v2\/tags?post=137951"}],"curies":[{"name":"wp","href":"https:\/\/api.w.org\/{rel}","templated":true}]}}