{"id":137899,"date":"2025-05-18T01:11:29","date_gmt":"2025-05-18T04:11:29","guid":{"rendered":"https:\/\/www.elsindical.com.ar\/notas\/?p=137899"},"modified":"2025-05-18T01:11:34","modified_gmt":"2025-05-18T04:11:34","slug":"cicop-tambien-acepto-la-propuesta-provincial-aumento-del-10","status":"publish","type":"post","link":"https:\/\/www.elsindical.com.ar\/notas\/cicop-tambien-acepto-la-propuesta-provincial-aumento-del-10\/","title":{"rendered":"Cicop tambi\u00e9n acept\u00f3 la propuesta provincial: aumento del 10%"},"content":{"rendered":"<div class=\"wp-block-image\">\n<figure class=\"aligncenter size-full\"><a href=\"https:\/\/www.elsindical.com.ar\/notas\/var\/www\/html\/notas\/wp-content\/uploads\/2025\/05\/asamblea-CICOP-2025.jpg\"><img loading=\"lazy\" decoding=\"async\" width=\"700\" height=\"394\" src=\"https:\/\/www.elsindical.com.ar\/notas\/var\/www\/html\/notas\/wp-content\/uploads\/2025\/05\/asamblea-CICOP-2025.jpg\" alt=\"\" class=\"wp-image-137900\" srcset=\"https:\/\/www.elsindical.com.ar\/notas\/var\/www\/html\/notas\/wp-content\/uploads\/2025\/05\/asamblea-CICOP-2025.jpg 700w, https:\/\/www.elsindical.com.ar\/notas\/var\/www\/html\/notas\/wp-content\/uploads\/2025\/05\/asamblea-CICOP-2025-300x169.jpg 300w, https:\/\/www.elsindical.com.ar\/notas\/var\/www\/html\/notas\/wp-content\/uploads\/2025\/05\/asamblea-CICOP-2025-460x260.jpg 460w\" sizes=\"auto, (max-width: 700px) 100vw, 700px\" \/><\/a><\/figure>\n<\/div>\n\n\n<p>La Cicop acept\u00f3, en el congreso de delegados, la propuesta del gobierno bonaerense que consiste en un aumento del 10 por ciento en dos tramos.<\/p>\n\n\n\n<p><strong>La Asociaci\u00f3n Sindical de Profesionales de la Salud de la Provincia de Buenos Aires (CICOP) acept\u00f3 el aumento ofrecido por la Provincia<\/strong>, en el marco de un congreso.<\/p>\n\n\n\n<p>\u201cEl Congreso de Cicop acept\u00f3 por amplia mayor\u00eda la propuesta de un aumento salarial del <strong>10% en 2 tramos: 6% en mayo y 4 % en julio<\/strong>, con revisi\u00f3n en junio y reapertura en agosto\u201d, inform\u00f3 el sindicato.<\/p>\n\n\n\n<p>Tambi\u00e9n resolvi\u00f3 <strong>movilizar el pr\u00f3ximo 22 de mayo<\/strong> al Ministerio de Econom\u00eda de la Naci\u00f3n, manifestaci\u00f3n a la que se sumaron docentes y trabajadores estatales.<\/p>\n\n\n\n<h2 class=\"wp-block-heading\">Puntos centrales del acuerdo<\/h2>\n\n\n\n<ul class=\"wp-block-list\">\n<li>Aumento salarial del 10% en dos tramos, 6% en mayo y 4 % en julio, con base de c\u00e1lculo marzo 2025<\/li>\n\n\n\n<li>Cl\u00e1usula de Monitoreo y Revisi\u00f3n en junio<\/li>\n\n\n\n<li>Reapertura de las Negociaciones en agosto<\/li>\n\n\n\n<li>Para el sector jubiladxs, incremento a cuenta del 4% a cobrar a fin de mes<\/li>\n\n\n\n<li>Continuidad del proceso de pase a planta transitoria de lxs becarixs en salud<\/li>\n\n\n\n<li>Mesa T\u00e9cnica para evaluar futuros mecanismos de Pase de Ley para lxs profesionales que a\u00fan revistan en la 10.430<\/li>\n<\/ul>\n\n\n\n<p>\u201cRecordamos que a esta oferta, se suma la suba acordada para todas las Jefaturas a partir del mes de mayo con promedio del 75% del valor de todas las funciones\u201d, se\u00f1alaron desde Cicop.<\/p>\n","protected":false},"excerpt":{"rendered":"<p>La Cicop acept\u00f3, en el congreso de delegados, la propuesta del gobierno bonaerense que consiste en un aumento del 10 por ciento en dos tramos. La Asociaci\u00f3n Sindical de Profesionales de la Salud de la Provincia de Buenos Aires (CICOP) acept\u00f3 el aumento ofrecido por la Provincia, en el marco de un congreso. \u201cEl Congreso&hellip;<\/p>\n","protected":false},"author":1,"featured_media":137900,"comment_status":"open","ping_status":"open","sticky":false,"template":"","format":"standard","meta":{"footnotes":""},"categories":[16],"tags":[3221,291,2450,22028,1466],"class_list":["post-137899","post","type-post","status-publish","format-standard","has-post-thumbnail","hentry","category-gremiales","tag-aumento-salarial","tag-cicop","tag-diario-el-sindical","tag-gremiales","tag-provincia-de-buenos-aires"],"_links":{"self":[{"href":"https:\/\/www.elsindical.com.ar\/notas\/wp-json\/wp\/v2\/posts\/137899","targetHints":{"allow":["GET"]}}],"collection":[{"href":"https:\/\/www.elsindical.com.ar\/notas\/wp-json\/wp\/v2\/posts"}],"about":[{"href":"https:\/\/www.elsindical.com.ar\/notas\/wp-json\/wp\/v2\/types\/post"}],"author":[{"embeddable":true,"href":"https:\/\/www.elsindical.com.ar\/notas\/wp-json\/wp\/v2\/users\/1"}],"replies":[{"embeddable":true,"href":"https:\/\/www.elsindical.com.ar\/notas\/wp-json\/wp\/v2\/comments?post=137899"}],"version-history":[{"count":1,"href":"https:\/\/www.elsindical.com.ar\/notas\/wp-json\/wp\/v2\/posts\/137899\/revisions"}],"predecessor-version":[{"id":137901,"href":"https:\/\/www.elsindical.com.ar\/notas\/wp-json\/wp\/v2\/posts\/137899\/revisions\/137901"}],"wp:featuredmedia":[{"embeddable":true,"href":"https:\/\/www.elsindical.com.ar\/notas\/wp-json\/wp\/v2\/media\/137900"}],"wp:attachment":[{"href":"https:\/\/www.elsindical.com.ar\/notas\/wp-json\/wp\/v2\/media?parent=137899"}],"wp:term":[{"taxonomy":"category","embeddable":true,"href":"https:\/\/www.elsindical.com.ar\/notas\/wp-json\/wp\/v2\/categories?post=137899"},{"taxonomy":"post_tag","embeddable":true,"href":"https:\/\/www.elsindical.com.ar\/notas\/wp-json\/wp\/v2\/tags?post=137899"}],"curies":[{"name":"wp","href":"https:\/\/api.w.org\/{rel}","templated":true}]}}