{"id":137878,"date":"2025-05-17T04:11:20","date_gmt":"2025-05-17T07:11:20","guid":{"rendered":"https:\/\/www.elsindical.com.ar\/notas\/?p=137878"},"modified":"2025-05-17T04:27:39","modified_gmt":"2025-05-17T07:27:39","slug":"sumate-con-tu-remera-a-la-lucha-por-la-salud-mental-publica","status":"publish","type":"post","link":"https:\/\/www.elsindical.com.ar\/notas\/sumate-con-tu-remera-a-la-lucha-por-la-salud-mental-publica\/","title":{"rendered":"\u00a1Sumate con tu remera a la lucha por la salud mental p\u00fablica!"},"content":{"rendered":"<div class=\"wp-block-image\">\n<figure class=\"aligncenter size-full\"><a href=\"https:\/\/www.elsindical.com.ar\/notas\/var\/www\/html\/notas\/wp-content\/uploads\/2025\/05\/remera-El-Arte-Lo-Cura.jpg\"><img loading=\"lazy\" decoding=\"async\" width=\"500\" height=\"588\" src=\"https:\/\/www.elsindical.com.ar\/notas\/var\/www\/html\/notas\/wp-content\/uploads\/2025\/05\/remera-El-Arte-Lo-Cura.jpg\" alt=\"\" class=\"wp-image-137879\" srcset=\"https:\/\/www.elsindical.com.ar\/notas\/var\/www\/html\/notas\/wp-content\/uploads\/2025\/05\/remera-El-Arte-Lo-Cura.jpg 500w, https:\/\/www.elsindical.com.ar\/notas\/var\/www\/html\/notas\/wp-content\/uploads\/2025\/05\/remera-El-Arte-Lo-Cura-255x300.jpg 255w\" sizes=\"auto, (max-width: 500px) 100vw, 500px\" \/><\/a><\/figure>\n<\/div>\n\n\n<p>Unidas por el Borda Taller de Serigrafia!! lanza sus remeras con dise\u00f1o exclusivo, hechas con amor y compromiso.<\/p>\n\n\n\n<p>\u00bfPor qu\u00e9 comprarlas?<\/p>\n\n\n\n<p>Porque cada remera es una forma de visibilizar, apoyar y sostener la lucha de mujeres trabajadoras, usuarias y activistas en defensa del Hospital Borda y la salud mental p\u00fablica.<\/p>\n\n\n\n<p>Colabor\u00e1s. Difund\u00eds. Te compromet\u00e9s.<\/p>\n\n\n\n<p>\u00a1Eleg\u00ed la tuya!<\/p>\n\n\n\n<p>Modelos unisex, 100% algod\u00f3n.<\/p>\n\n\n\n<p>Colores y talles para todos!!<\/p>\n\n\n\n<p>Pedidos por <a href=\"https:\/\/www.facebook.com\/unidasporelborda\">mensaje directo<\/a> o WhatsApp..<strong>+54 9 11 6404-3003<\/strong><\/p>\n\n\n\n<p><a href=\"donacionesborda@gmail.com\">donacionesborda@gmail.com<\/a><\/p>\n\n\n\n<p>Tambi\u00e9n pod\u00e9s encontrarnos en el taller de Serigrafia! Los s\u00e1bados de 10 a 12horas<\/p>\n\n\n\n<p>\u00a1Gracias por ser parte!<\/p>\n\n\n\n<figure class=\"wp-block-embed is-type-video is-provider-youtube wp-block-embed-youtube wp-embed-aspect-16-9 wp-has-aspect-ratio\"><div class=\"wp-block-embed__wrapper\">\n<iframe loading=\"lazy\" title=\"Sumate con tu remera a la lucha por la salud mental p\u00fablica\" width=\"700\" height=\"394\" src=\"https:\/\/www.youtube.com\/embed\/Z-mBeyrkvRk?feature=oembed\" frameborder=\"0\" allow=\"accelerometer; autoplay; clipboard-write; encrypted-media; gyroscope; picture-in-picture; web-share\" referrerpolicy=\"strict-origin-when-cross-origin\" allowfullscreen><\/iframe>\n<\/div><\/figure>\n","protected":false},"excerpt":{"rendered":"<p>Unidas por el Borda Taller de Serigrafia!! lanza sus remeras con dise\u00f1o exclusivo, hechas con amor y compromiso. \u00bfPor qu\u00e9 comprarlas? Porque cada remera es una forma de visibilizar, apoyar y sostener la lucha de mujeres trabajadoras, usuarias y activistas en defensa del Hospital Borda y la salud mental p\u00fablica. Colabor\u00e1s. Difund\u00eds. Te compromet\u00e9s. \u00a1Eleg\u00ed&hellip;<\/p>\n","protected":false},"author":1,"featured_media":137879,"comment_status":"open","ping_status":"open","sticky":false,"template":"","format":"standard","meta":{"footnotes":""},"categories":[26],"tags":[2450,45224,45223,13213,45225,45226],"class_list":["post-137878","post","type-post","status-publish","format-standard","has-post-thumbnail","hentry","category-solidaridad","tag-diario-el-sindical","tag-el-arte-lo-cura","tag-el-borda","tag-remeras","tag-taller-de-serigrafia","tag-unidas-por-el-borda"],"_links":{"self":[{"href":"https:\/\/www.elsindical.com.ar\/notas\/wp-json\/wp\/v2\/posts\/137878","targetHints":{"allow":["GET"]}}],"collection":[{"href":"https:\/\/www.elsindical.com.ar\/notas\/wp-json\/wp\/v2\/posts"}],"about":[{"href":"https:\/\/www.elsindical.com.ar\/notas\/wp-json\/wp\/v2\/types\/post"}],"author":[{"embeddable":true,"href":"https:\/\/www.elsindical.com.ar\/notas\/wp-json\/wp\/v2\/users\/1"}],"replies":[{"embeddable":true,"href":"https:\/\/www.elsindical.com.ar\/notas\/wp-json\/wp\/v2\/comments?post=137878"}],"version-history":[{"count":3,"href":"https:\/\/www.elsindical.com.ar\/notas\/wp-json\/wp\/v2\/posts\/137878\/revisions"}],"predecessor-version":[{"id":137883,"href":"https:\/\/www.elsindical.com.ar\/notas\/wp-json\/wp\/v2\/posts\/137878\/revisions\/137883"}],"wp:featuredmedia":[{"embeddable":true,"href":"https:\/\/www.elsindical.com.ar\/notas\/wp-json\/wp\/v2\/media\/137879"}],"wp:attachment":[{"href":"https:\/\/www.elsindical.com.ar\/notas\/wp-json\/wp\/v2\/media?parent=137878"}],"wp:term":[{"taxonomy":"category","embeddable":true,"href":"https:\/\/www.elsindical.com.ar\/notas\/wp-json\/wp\/v2\/categories?post=137878"},{"taxonomy":"post_tag","embeddable":true,"href":"https:\/\/www.elsindical.com.ar\/notas\/wp-json\/wp\/v2\/tags?post=137878"}],"curies":[{"name":"wp","href":"https:\/\/api.w.org\/{rel}","templated":true}]}}