{"id":137758,"date":"2025-05-13T12:22:15","date_gmt":"2025-05-13T15:22:15","guid":{"rendered":"https:\/\/www.elsindical.com.ar\/notas\/?p=137758"},"modified":"2025-05-13T12:22:20","modified_gmt":"2025-05-13T15:22:20","slug":"la-ajb-retoma-la-discusion-paritaria-tras-rechazar-la-primera-oferta","status":"publish","type":"post","link":"https:\/\/www.elsindical.com.ar\/notas\/la-ajb-retoma-la-discusion-paritaria-tras-rechazar-la-primera-oferta\/","title":{"rendered":"La AJB retoma la discusi\u00f3n paritaria tras rechazar la primera oferta"},"content":{"rendered":"<div class=\"wp-block-image\">\n<figure class=\"aligncenter size-full is-resized\"><a href=\"https:\/\/www.elsindical.com.ar\/notas\/var\/www\/html\/notas\/wp-content\/uploads\/2025\/05\/AJB-paritarias-2025.jpg\"><img loading=\"lazy\" decoding=\"async\" width=\"700\" height=\"394\" src=\"https:\/\/www.elsindical.com.ar\/notas\/var\/www\/html\/notas\/wp-content\/uploads\/2025\/05\/AJB-paritarias-2025.jpg\" alt=\"\" class=\"wp-image-137759\" style=\"width:782px;height:auto\" srcset=\"https:\/\/www.elsindical.com.ar\/notas\/var\/www\/html\/notas\/wp-content\/uploads\/2025\/05\/AJB-paritarias-2025.jpg 700w, https:\/\/www.elsindical.com.ar\/notas\/var\/www\/html\/notas\/wp-content\/uploads\/2025\/05\/AJB-paritarias-2025-300x169.jpg 300w, https:\/\/www.elsindical.com.ar\/notas\/var\/www\/html\/notas\/wp-content\/uploads\/2025\/05\/AJB-paritarias-2025-460x260.jpg 460w\" sizes=\"auto, (max-width: 700px) 100vw, 700px\" \/><\/a><\/figure>\n<\/div>\n\n\n<p>La AJB, gremio que representa a los trabajadores judiciales, retomar\u00e1 ma\u00f1ana las paritarias. Rechaz\u00f3 el aumento del 4% en mayo y 3% en julio.<\/p>\n\n\n\n<p><strong>La Asociaci\u00f3n Judicial Bonaerense (AJB) se reunir\u00e1 ma\u00f1ana con las autoridades de la provincia de Buenos Aires en el marco de las paritarias. <\/strong>El encuentro fue reprogramado.<\/p>\n\n\n\n<p>\u201cEl Poder Ejecutivo reprogram\u00f3 la reuni\u00f3n paritaria prevista para hoy\u201d, inform\u00f3 el gremio que representa a los trabajadores judiciales de la Provincia. Ser\u00e1 el <strong>14 de mayo <\/strong>en el Ministerio de Trabajo. Se iba a realizar el 7, luego el 12 y ahora ser\u00e1 el mi\u00e9rcoles.<\/p>\n\n\n\n<p>Esta reprogramaci\u00f3n va en sinton\u00eda con lo sucedido con los docentes y trabajadores estatales, que <strong>rechazaron la oferta del gobierno de Axel Kicillof por considerarla \u201cinsuficiente\u201d<\/strong>.<\/p>\n\n\n\n<p>En enero y febrero, la mejora salarial fue del\u00a09 por ciento. <strong>La AJB rechaz\u00f3 el 4% a cobrar con salario mayo y el 3% con salario de julio<\/strong>. Las autoridades hablaron de la cl\u00e1usula monitoreo de inflaci\u00f3n en junio y reaperutura paritaria en agosto.<\/p>\n\n\n\n<p>Por otro lado, la AJB y otros sindicatos (Cicop, ATE PBA, UPCN, entre otros) solicitaron a la administraci\u00f3n provincial que adelante el pago de haberes para jubilados con un aumento salarial a cuenta del acuerdo paritario en curso.<\/p>\n","protected":false},"excerpt":{"rendered":"<p>La AJB, gremio que representa a los trabajadores judiciales, retomar\u00e1 ma\u00f1ana las paritarias. Rechaz\u00f3 el aumento del 4% en mayo y 3% en julio. La Asociaci\u00f3n Judicial Bonaerense (AJB) se reunir\u00e1 ma\u00f1ana con las autoridades de la provincia de Buenos Aires en el marco de las paritarias. El encuentro fue reprogramado. \u201cEl Poder Ejecutivo reprogram\u00f3&hellip;<\/p>\n","protected":false},"author":1,"featured_media":137759,"comment_status":"open","ping_status":"open","sticky":false,"template":"","format":"standard","meta":{"footnotes":""},"categories":[16],"tags":[4626,2450,22023,11125,2107],"class_list":["post-137758","post","type-post","status-publish","format-standard","has-post-thumbnail","hentry","category-gremiales","tag-ajb","tag-diario-el-sindical","tag-economia","tag-ministerio-de-trabajo-bonaerense","tag-paritarias"],"_links":{"self":[{"href":"https:\/\/www.elsindical.com.ar\/notas\/wp-json\/wp\/v2\/posts\/137758","targetHints":{"allow":["GET"]}}],"collection":[{"href":"https:\/\/www.elsindical.com.ar\/notas\/wp-json\/wp\/v2\/posts"}],"about":[{"href":"https:\/\/www.elsindical.com.ar\/notas\/wp-json\/wp\/v2\/types\/post"}],"author":[{"embeddable":true,"href":"https:\/\/www.elsindical.com.ar\/notas\/wp-json\/wp\/v2\/users\/1"}],"replies":[{"embeddable":true,"href":"https:\/\/www.elsindical.com.ar\/notas\/wp-json\/wp\/v2\/comments?post=137758"}],"version-history":[{"count":1,"href":"https:\/\/www.elsindical.com.ar\/notas\/wp-json\/wp\/v2\/posts\/137758\/revisions"}],"predecessor-version":[{"id":137760,"href":"https:\/\/www.elsindical.com.ar\/notas\/wp-json\/wp\/v2\/posts\/137758\/revisions\/137760"}],"wp:featuredmedia":[{"embeddable":true,"href":"https:\/\/www.elsindical.com.ar\/notas\/wp-json\/wp\/v2\/media\/137759"}],"wp:attachment":[{"href":"https:\/\/www.elsindical.com.ar\/notas\/wp-json\/wp\/v2\/media?parent=137758"}],"wp:term":[{"taxonomy":"category","embeddable":true,"href":"https:\/\/www.elsindical.com.ar\/notas\/wp-json\/wp\/v2\/categories?post=137758"},{"taxonomy":"post_tag","embeddable":true,"href":"https:\/\/www.elsindical.com.ar\/notas\/wp-json\/wp\/v2\/tags?post=137758"}],"curies":[{"name":"wp","href":"https:\/\/api.w.org\/{rel}","templated":true}]}}