{"id":13769,"date":"2011-04-24T12:48:19","date_gmt":"2011-04-24T15:48:19","guid":{"rendered":"http:\/\/www.elsindical.com.ar\/notas\/?p=13769"},"modified":"2011-04-24T12:48:19","modified_gmt":"2011-04-24T15:48:19","slug":"indiafallecio-el-lider-espiritual-conocido-como-sai-baba","status":"publish","type":"post","link":"https:\/\/www.elsindical.com.ar\/notas\/indiafallecio-el-lider-espiritual-conocido-como-sai-baba\/","title":{"rendered":"India:Falleci\u00f3 el l\u00edder espiritual conocido como Sai Baba"},"content":{"rendered":"<p style=\"text-align: justify;\"><em><a href=\"http:\/\/www.elsindical.com.ar\/notas\/var\/www\/html\/notas\/wp-content\/uploads\/2011\/04\/Sai-Baba.jpg\"><img loading=\"lazy\" decoding=\"async\" class=\"alignleft size-medium wp-image-13410\" title=\"Sai-Baba\" src=\"http:\/\/www.elsindical.com.ar\/notas\/var\/www\/html\/notas\/wp-content\/uploads\/2011\/04\/Sai-Baba-300x278.jpg\" alt=\"\" width=\"300\" height=\"278\" srcset=\"https:\/\/www.elsindical.com.ar\/notas\/var\/www\/html\/notas\/wp-content\/uploads\/2011\/04\/Sai-Baba-300x278.jpg 300w, https:\/\/www.elsindical.com.ar\/notas\/var\/www\/html\/notas\/wp-content\/uploads\/2011\/04\/Sai-Baba.jpg 413w\" sizes=\"auto, (max-width: 300px) 100vw, 300px\" \/><\/a>El conocido gur\u00fa\u00a0de 85 a\u00f1os\u00a0estaba <strong>hospitalizado hace tres semanas<\/strong> por problemas cardiacos, pulmonares y renales. Era considerado como un <strong>dios viviente<\/strong>\u00a0y se le atribu\u00edan <strong>poderes<\/strong> sobrenaturales.<\/em><\/p>\n<p style=\"text-align: justify;\">El gu\u00eda espiritual indio Sai Baba, uno de los gur\u00fas m\u00e1s conocidos del pa\u00eds, <strong>falleci\u00f3 la ma\u00f1ana del domingo en un hospital de Puttaparthi<\/strong>, rese\u00f1aron las televisiones.<\/p>\n<p style=\"text-align: justify;\">\u00a0<\/p>\n<p style=\"text-align: justify;\"><strong>Sai Baba, de 85 a\u00f1os, que sufri\u00f3 un paro cardio-respiratorio, seg\u00fan los m\u00e9dicos, indic\u00f3<\/strong> el canal informativo <em>NDTV<\/em>, llevaba hospitalizado m\u00e1s de tres semanas en estado cr\u00edtico en su ciudad natal por <strong>problemas cardiacos, pulmonares y renales<\/strong>.<\/p>\n<p style=\"text-align: justify;\">\u00a0<\/p>\n<p style=\"text-align: justify;\">Conocido en el mundo entero, el gur\u00fa estaba considerado <strong>un dios viviente por sus seguidores, que le atribu\u00edan poderes sobrenaturales, <\/strong>como el de hacer aparecer objetos o curar enfermedades en fase terminal.<\/p>\n<p style=\"text-align: justify;\">\u00a0<\/p>\n<p style=\"text-align: justify;\">El sant\u00f3n contaba con millones de adeptos en la India y el extranjero, <strong>cuyas donaciones le hab\u00edan permitido levantar un emporio financiero y que le consideraban la encarnaci\u00f3n humana de la trinidad del pante\u00f3n hind\u00fa<\/strong>, compuesta por Brahma, Vishn\u00fa y Shiva.<\/p>\n<p style=\"text-align: justify;\">\u00a0<\/p>\n<p style=\"text-align: justify;\">Voceros de la polic\u00eda confirmaron a <em>Efe<\/em> que se han desplegado <strong>fuertes medidas de seguridad en los alrededores del hospital<\/strong> donde falleci\u00f3 el gur\u00fa ante la eventualidad de que sus seguidores protagonicen disturbios tras su muerte.<\/p>\n<p style=\"text-align: justify;\">\u00a0<\/p>\n<p style=\"text-align: justify;\">Baba falleci\u00f3 en el Instituto de Estudios M\u00e9dicos Avanzados cerca de su lugar de nacimiento, Puttaparti, en el estado de Andra Pradesh tras permanecer m\u00e1s de tres semanas sometido a respiraci\u00f3n asistida por un fallo org\u00e1nico <strong>m\u00faltiple que desemboc\u00f3 en un fallo card\u00edaco a las 7.40 de la ma\u00f1ana, hora local<\/strong>, seg\u00fan informaron los doctores al diario <em>The Times of India<\/em>.<\/p>\n<p style=\"text-align: justify;\">\u00a0<\/p>\n<p style=\"text-align: justify;\">El cuerpo del l\u00edder espiritual <strong>ser\u00e1 velado durante ma\u00f1ana y pasado en su localidad natal, donde se espera que acudan cientos de miles de seguidores<\/strong> en las \u00faltimas horas, incluyendo miembros del Gobierno y diferentes personalidades.<\/p>\n<p style=\"text-align: justify;\">\u00a0<\/p>\n<p style=\"text-align: justify;\">El estado se encuentra en <strong>situaci\u00f3n de m\u00e1xima alerta y se espera que m\u00e1s de 6.000 agentes de Polic\u00eda conformen un dispositivo de seguridad excepcional<\/strong> para velar por la seguridad de los asistentes.<\/p>\n<p style=\"text-align: justify;\">\u00a0<\/p>\n<p style=\"text-align: justify;\">Sai Baba deja tras de s\u00ed <strong>un emporio de m\u00e1s de 1.200 centros espirituales en m\u00e1s de 110 pa\u00edses de todo el mundo y diversas iniciativas filantr\u00f3picas y de educaci\u00f3n<\/strong>. Tambi\u00e9n ha sido protagonista de controversias relacionadas con posibles delitos de fraude fiscal, enga\u00f1o y abuso sexual a algunos de sus devotos, que el propio Saba rechaz\u00f3 tajantemente.<\/p>\n","protected":false},"excerpt":{"rendered":"<p>El conocido gur\u00fa\u00a0de 85 a\u00f1os\u00a0estaba hospitalizado hace tres semanas por problemas cardiacos, pulmonares y renales. Era considerado como un dios viviente\u00a0y se le atribu\u00edan poderes sobrenaturales. El gu\u00eda espiritual indio Sai Baba, uno de los gur\u00fas m\u00e1s conocidos del pa\u00eds, falleci\u00f3 la ma\u00f1ana del domingo en un hospital de Puttaparthi, rese\u00f1aron las televisiones. \u00a0 Sai&hellip;<\/p>\n","protected":false},"author":1,"featured_media":0,"comment_status":"open","ping_status":"open","sticky":false,"template":"","format":"standard","meta":{"footnotes":""},"categories":[18],"tags":[6609,483,2427,6608,6611,6612,6610,6418],"class_list":["post-13769","post","type-post","status-publish","format-standard","hentry","category-internacionales","tag-cardiaca","tag-enfermedad","tag-india","tag-lider-espiritual","tag-pulmonar","tag-puttaparthi","tag-renal","tag-sai-baba"],"_links":{"self":[{"href":"https:\/\/www.elsindical.com.ar\/notas\/wp-json\/wp\/v2\/posts\/13769","targetHints":{"allow":["GET"]}}],"collection":[{"href":"https:\/\/www.elsindical.com.ar\/notas\/wp-json\/wp\/v2\/posts"}],"about":[{"href":"https:\/\/www.elsindical.com.ar\/notas\/wp-json\/wp\/v2\/types\/post"}],"author":[{"embeddable":true,"href":"https:\/\/www.elsindical.com.ar\/notas\/wp-json\/wp\/v2\/users\/1"}],"replies":[{"embeddable":true,"href":"https:\/\/www.elsindical.com.ar\/notas\/wp-json\/wp\/v2\/comments?post=13769"}],"version-history":[{"count":1,"href":"https:\/\/www.elsindical.com.ar\/notas\/wp-json\/wp\/v2\/posts\/13769\/revisions"}],"predecessor-version":[{"id":13770,"href":"https:\/\/www.elsindical.com.ar\/notas\/wp-json\/wp\/v2\/posts\/13769\/revisions\/13770"}],"wp:attachment":[{"href":"https:\/\/www.elsindical.com.ar\/notas\/wp-json\/wp\/v2\/media?parent=13769"}],"wp:term":[{"taxonomy":"category","embeddable":true,"href":"https:\/\/www.elsindical.com.ar\/notas\/wp-json\/wp\/v2\/categories?post=13769"},{"taxonomy":"post_tag","embeddable":true,"href":"https:\/\/www.elsindical.com.ar\/notas\/wp-json\/wp\/v2\/tags?post=13769"}],"curies":[{"name":"wp","href":"https:\/\/api.w.org\/{rel}","templated":true}]}}