{"id":137675,"date":"2025-05-10T15:03:35","date_gmt":"2025-05-10T18:03:35","guid":{"rendered":"https:\/\/www.elsindical.com.ar\/notas\/?p=137675"},"modified":"2025-05-10T15:03:40","modified_gmt":"2025-05-10T18:03:40","slug":"el-gobierno-definio-el-salario-minimo-308-200-en-mayo","status":"publish","type":"post","link":"https:\/\/www.elsindical.com.ar\/notas\/el-gobierno-definio-el-salario-minimo-308-200-en-mayo\/","title":{"rendered":"El Gobierno defini\u00f3 el salario m\u00ednimo: $308.200 en mayo"},"content":{"rendered":"<div class=\"wp-block-image\">\n<figure class=\"aligncenter size-full\"><a href=\"https:\/\/www.elsindical.com.ar\/notas\/var\/www\/html\/notas\/wp-content\/uploads\/2024\/11\/salario-en-baja.jpg\"><img loading=\"lazy\" decoding=\"async\" width=\"700\" height=\"390\" src=\"https:\/\/www.elsindical.com.ar\/notas\/var\/www\/html\/notas\/wp-content\/uploads\/2024\/11\/salario-en-baja.jpg\" alt=\"\" class=\"wp-image-134246\" srcset=\"https:\/\/www.elsindical.com.ar\/notas\/var\/www\/html\/notas\/wp-content\/uploads\/2024\/11\/salario-en-baja.jpg 700w, https:\/\/www.elsindical.com.ar\/notas\/var\/www\/html\/notas\/wp-content\/uploads\/2024\/11\/salario-en-baja-300x167.jpg 300w, https:\/\/www.elsindical.com.ar\/notas\/var\/www\/html\/notas\/wp-content\/uploads\/2024\/11\/salario-en-baja-500x279.jpg 500w\" sizes=\"auto, (max-width: 700px) 100vw, 700px\" \/><\/a><\/figure>\n<\/div>\n\n\n<p class=\"wp-block-paragraph\">El aumento de abril es de 5.768 pesos, mientras que en mayo tendr\u00e1 una suba de 5.622. El nuevo Salario M\u00ednimo Vital y M\u00f3vil.<\/p>\n\n\n\n<p class=\"wp-block-paragraph\"><strong>El Gobierno nacional fij\u00f3 por decreto el&nbsp;Salario M\u00ednimo, Vital y M\u00f3vil&nbsp;<\/strong>(SMVM) y los montos m\u00ednimos y m\u00e1ximos de la prestaci\u00f3n por desempleo debido a que el Consejo del Salario no lleg\u00f3 a un acuerdo.<\/p>\n\n\n\n<p class=\"wp-block-paragraph\">La Resoluci\u00f3n 5\/2025 publicada hoy en el Bolet\u00edn Oficial establece los nuevos valores del SMVM para todos los trabajadores comprendidos en el R\u00e9gimen de Contrato de Trabajo, el R\u00e9gimen de Trabajo Agrario, la Administraci\u00f3n P\u00fablica Nacional y entidades del Estado empleadoras.<\/p>\n\n\n\n<p class=\"wp-block-paragraph\">El Consejo del Salario M\u00ednimo se hab\u00eda reunido el martes 29 de abril sin lograr acordar los nuevos montos.<\/p>\n\n\n\n<p class=\"wp-block-paragraph\"><strong>El aumento es de 5.768 pesos en abril ($296.832 en marzo)<\/strong>, 5.622 en mayo y de 5.200 pesos en junio. Tambi\u00e9n se definieron los salarios de julio y agosto, cuando alcanzar\u00e1 los 322.000 pesos.<\/p>\n\n\n\n<p class=\"wp-block-paragraph\">Las tres centrales sindicales hab\u00edan propuesto una suba significativa, llevando el salario m\u00ednimo a $644.165 en abril y $657.703 en mayo, lo que representa un aumento superior al 120%. En contraposici\u00f3n, los empresarios plantearon cifras muy por debajo: $301.500 para abril, $306.500 para mayo y $311.500 para junio.<\/p>\n\n\n\n<h2 class=\"wp-block-heading\">El nuevo Salario M\u00ednimo Vital y M\u00f3vil<\/h2>\n\n\n\n<ul class=\"wp-block-list\">\n<li>A partir del 1\u00b0 de abril de 2025: $ 302.600 para trabajadores mensualizados a jornada completa y $ 1.513 por hora para trabajadores jornalizados.<\/li>\n\n\n\n<li>A partir del 1\u00b0 de mayo de 2025: $ 308.200 para mensualizados y $1.541) por hora para jornalizados.<\/li>\n\n\n\n<li>A partir del 1\u00b0 de junio de 2025: $ 313.400 para mensualizados y $ 1.567 por hora para jornalizados.<\/li>\n\n\n\n<li>A partir del 1\u00b0 de julio de 2025: $ 317.800 para mensualizados y $ 1.589 por hora para jornalizados.<\/li>\n\n\n\n<li>A partir del 1\u00b0 de agosto de 2025: $ 322.000 para mensualizados y $ 1.610 por hora para jornalizados.<\/li>\n<\/ul>\n\n\n\n<p class=\"wp-block-paragraph\">En relaci\u00f3n con la <strong>Prestaci\u00f3n por Desempleo<\/strong>, la resoluci\u00f3n establece que se mantendr\u00e1 la f\u00f3rmula fijada previamente. El monto ser\u00e1 equivalente a un 75% del importe neto de la mejor remuneraci\u00f3n mensual, normal y habitual de los seis (6) meses anteriores al cese del contrato de trabajo.<\/p>\n\n\n\n<p class=\"wp-block-paragraph\">Asimismo, se dispone que \u201cen ning\u00fan caso la prestaci\u00f3n mensual podr\u00e1 ser inferior al 50% del Salario M\u00ednimo Vital y M\u00f3vil vigente, ni superior al 100% del Salario M\u00ednimo Vital y M\u00f3vil vigente\u201d.<\/p>\n","protected":false},"excerpt":{"rendered":"<p>El aumento de abril es de 5.768 pesos, mientras que en mayo tendr\u00e1 una suba de 5.622. El nuevo Salario M\u00ednimo Vital y M\u00f3vil. El Gobierno nacional fij\u00f3 por decreto el&nbsp;Salario M\u00ednimo, Vital y M\u00f3vil&nbsp;(SMVM) y los montos m\u00ednimos y m\u00e1ximos de la prestaci\u00f3n por desempleo debido a que el Consejo del Salario no lleg\u00f3&hellip;<\/p>\n","protected":false},"author":1,"featured_media":134246,"comment_status":"open","ping_status":"open","sticky":false,"template":"","format":"standard","meta":{"footnotes":""},"categories":[9,13],"tags":[1295,26033,2450,761,28812,7557,17807],"class_list":["post-137675","post","type-post","status-publish","format-standard","has-post-thumbnail","hentry","category-economia","category-politica","tag-boletin-oficial","tag-consejo-del-salario","tag-diario-el-sindical","tag-gobierno-nacional","tag-javier-milei","tag-salario-minimo","tag-smvm"],"_links":{"self":[{"href":"https:\/\/www.elsindical.com.ar\/notas\/wp-json\/wp\/v2\/posts\/137675","targetHints":{"allow":["GET"]}}],"collection":[{"href":"https:\/\/www.elsindical.com.ar\/notas\/wp-json\/wp\/v2\/posts"}],"about":[{"href":"https:\/\/www.elsindical.com.ar\/notas\/wp-json\/wp\/v2\/types\/post"}],"author":[{"embeddable":true,"href":"https:\/\/www.elsindical.com.ar\/notas\/wp-json\/wp\/v2\/users\/1"}],"replies":[{"embeddable":true,"href":"https:\/\/www.elsindical.com.ar\/notas\/wp-json\/wp\/v2\/comments?post=137675"}],"version-history":[{"count":1,"href":"https:\/\/www.elsindical.com.ar\/notas\/wp-json\/wp\/v2\/posts\/137675\/revisions"}],"predecessor-version":[{"id":137676,"href":"https:\/\/www.elsindical.com.ar\/notas\/wp-json\/wp\/v2\/posts\/137675\/revisions\/137676"}],"wp:featuredmedia":[{"embeddable":true,"href":"https:\/\/www.elsindical.com.ar\/notas\/wp-json\/wp\/v2\/media\/134246"}],"wp:attachment":[{"href":"https:\/\/www.elsindical.com.ar\/notas\/wp-json\/wp\/v2\/media?parent=137675"}],"wp:term":[{"taxonomy":"category","embeddable":true,"href":"https:\/\/www.elsindical.com.ar\/notas\/wp-json\/wp\/v2\/categories?post=137675"},{"taxonomy":"post_tag","embeddable":true,"href":"https:\/\/www.elsindical.com.ar\/notas\/wp-json\/wp\/v2\/tags?post=137675"}],"curies":[{"name":"wp","href":"https:\/\/api.w.org\/{rel}","templated":true}]}}