{"id":13763,"date":"2011-04-24T01:46:41","date_gmt":"2011-04-24T04:46:41","guid":{"rendered":"http:\/\/www.elsindical.com.ar\/notas\/?p=13763"},"modified":"2011-04-24T01:46:41","modified_gmt":"2011-04-24T04:46:41","slug":"caso-berardi-la-acusada-pidio-cumplir-arresto-domiciliario-en-aguantadero-de-drogas","status":"publish","type":"post","link":"https:\/\/www.elsindical.com.ar\/notas\/caso-berardi-la-acusada-pidio-cumplir-arresto-domiciliario-en-aguantadero-de-drogas\/","title":{"rendered":"Caso Berardi: la acusada pidi\u00f3 cumplir arresto domiciliario en aguantadero de drogas"},"content":{"rendered":"<table border=\"0\" cellspacing=\"0\" cellpadding=\"0\" width=\"630\">\n<tbody>\n<tr>\n<td colspan=\"3\" valign=\"top\">\n<p id=\"txt_130845_3\"><em><a href=\"http:\/\/www.elsindical.com.ar\/notas\/var\/www\/html\/notas\/wp-content\/uploads\/2011\/04\/Mar\u00eda-In\u00e9s-mam\u00e1-de-Mat\u00edas-B.jpg\"><img loading=\"lazy\" decoding=\"async\" class=\"alignleft size-medium wp-image-13764\" title=\"Mar\u00eda-In\u00e9s-mam\u00e1-de-Mat\u00edas-B\" src=\"http:\/\/www.elsindical.com.ar\/notas\/var\/www\/html\/notas\/wp-content\/uploads\/2011\/04\/Mar\u00eda-In\u00e9s-mam\u00e1-de-Mat\u00edas-B-300x169.jpg\" alt=\"\" width=\"300\" height=\"169\" srcset=\"https:\/\/www.elsindical.com.ar\/notas\/var\/www\/html\/notas\/wp-content\/uploads\/2011\/04\/Mar\u00eda-In\u00e9s-mam\u00e1-de-Mat\u00edas-B-300x169.jpg 300w, https:\/\/www.elsindical.com.ar\/notas\/var\/www\/html\/notas\/wp-content\/uploads\/2011\/04\/Mar\u00eda-In\u00e9s-mam\u00e1-de-Mat\u00edas-B.jpg 413w\" sizes=\"auto, (max-width: 300px) 100vw, 300px\" \/><\/a>La madre del joven de 16 a\u00f1os secuestrado y asesinado revel\u00f3 que decidi\u00f3 mudarse de casa \u00abpara no exponer\u00bb a sus otros tres hijos que son m\u00e1s chicos.\u201c\u00bbEsperemos que no le den la libertad a la m\u00e1s chica de la banda\u00bb, se\u00f1al\u00f3 la mujer.<\/em><\/p>\n<\/td>\n<\/tr>\n<tr>\n<td height=\"30\">\u00a0<\/td>\n<\/tr>\n<tr>\n<td id=\"txt_130845_5\" colspan=\"3\">La madre de Mat\u00edas Berardi, el chico de 16 a\u00f1os secuestrado y asesinado en la localidad bonaerense de Ingeniero Maschwitz, hace siete meses, denunci\u00f3 que la m\u00e1s joven de la banda detenida por el hecho pidi\u00f3 que le den arresto domiciliario en la casa de un familiar, que funciona como aguantadero de drogas.<\/p>\n<p>\u00abEsperemos que no le den la libertad a la m\u00e1s chica de la banda, que tiene 17 a\u00f1os. Pidi\u00f3 ese beneficio para cumplirlo en la casa de un familiar que funciona como aguantadero de drogas\u00bb, afirm\u00f3 Mar\u00eda In\u00e9s Berardi.<\/p>\n<p>En declaraciones radiales, la mujer cont\u00f3 adem\u00e1s que decidi\u00f3 mudarse de casa \u00abpara no exponer\u00bb a sus otros tres hijos que son m\u00e1s chicos. \u00abAhora queremos tratar de rehacer la vida. Los asesinos no ten\u00edan necesidad de matar a Mat\u00edas, y lo mataron igual\u00bb, se\u00f1al\u00f3.<\/p>\n<p>La madrugada del 28 de septiembre pasado, Mat\u00edas Berardi fue a una fiesta de egresados en la Costanera Norte y para volver a su casa tom\u00f3 una combi hasta el cruce de Ruta 26 y Panamericana, en Ingeniero Maschwitz, partido de Escobar.<\/p>\n<p>Poco despu\u00e9s, sus padres recibieron el primer llamado extorsivo, en la que la propia v\u00edctima les dijo que hab\u00eda sido secuestrado.<\/p>\n<p>La \u00faltima comunicaci\u00f3n entre la familia y los secuestradores fue a las 20.20 del mismo d\u00eda, y a la madrugada siguiente el chico apareci\u00f3 ejecutado de un balazo en la espalda en un descampado de Campana.<\/p>\n<p>Durante su cautiverio, Mat\u00edas logr\u00f3 escapar del taller de herrer\u00eda donde lo ten\u00edan cautivo en Benav\u00eddez y a lo largo de 300 metros pidi\u00f3 auxilio a los vecinos, sin que nadie lo ayudara.<\/p>\n<p>Los secuestradores lograron recapturarlo y decidieron asesinarlo porque el chico hab\u00eda visto d\u00f3nde estaba cautivo y pod\u00eda reconocerlos.<\/p>\n<p>Por el hecho, cumplen prisi\u00f3n preventiva e ir\u00e1n a juicio oral el herrero uruguayo Richard Fabi\u00e1n Souto (44) -presunto autor material del crimen-; su esposa, Ana Cristina Moyano (38); su hija, Jennifer Stefan\u00eda Souto (19); su cu\u00f1ada, Celeste M\u00f3nica Moyano (27); N\u00e9stor Facundo Maidana Calveira, alias \u00abChino\u00bb (23); su hermano, Federico Esteban Maidana Calveira (27) y El\u00edas Emanuel<\/p>\n<p>Vivas (20).<\/p>\n<p>La menor de 17 a\u00f1os que ahora pide el beneficio permanece alojada en un instituto de m\u00e1xima seguridad<\/td>\n<\/tr>\n<\/tbody>\n<\/table>\n","protected":false},"excerpt":{"rendered":"<p>La madre del joven de 16 a\u00f1os secuestrado y asesinado revel\u00f3 que decidi\u00f3 mudarse de casa \u00abpara no exponer\u00bb a sus otros tres hijos que son m\u00e1s chicos.\u201c\u00bbEsperemos que no le den la libertad a la m\u00e1s chica de la banda\u00bb, se\u00f1al\u00f3 la mujer. \u00a0 La madre de Mat\u00edas Berardi, el chico de 16 a\u00f1os&hellip;<\/p>\n","protected":false},"author":1,"featured_media":0,"comment_status":"open","ping_status":"open","sticky":false,"template":"","format":"standard","meta":{"footnotes":""},"categories":[20],"tags":[6597,2999,39,6599,6602,6601,6598,41,4790,6600,4929,1606],"class_list":["post-13763","post","type-post","status-publish","format-standard","hentry","category-judiciales","tag-ana-cristina-moyano","tag-arresto-domiciliario","tag-asesinado","tag-celeste-monica-moyano","tag-elias-emanuel","tag-federico-esteban-maidana-calveira","tag-jennifer-stefania-souto","tag-justicia","tag-matias-berardi","tag-nestor-facundo-maidana-calveira","tag-richard-fabian-souto","tag-secuestrado"],"_links":{"self":[{"href":"https:\/\/www.elsindical.com.ar\/notas\/wp-json\/wp\/v2\/posts\/13763","targetHints":{"allow":["GET"]}}],"collection":[{"href":"https:\/\/www.elsindical.com.ar\/notas\/wp-json\/wp\/v2\/posts"}],"about":[{"href":"https:\/\/www.elsindical.com.ar\/notas\/wp-json\/wp\/v2\/types\/post"}],"author":[{"embeddable":true,"href":"https:\/\/www.elsindical.com.ar\/notas\/wp-json\/wp\/v2\/users\/1"}],"replies":[{"embeddable":true,"href":"https:\/\/www.elsindical.com.ar\/notas\/wp-json\/wp\/v2\/comments?post=13763"}],"version-history":[{"count":1,"href":"https:\/\/www.elsindical.com.ar\/notas\/wp-json\/wp\/v2\/posts\/13763\/revisions"}],"predecessor-version":[{"id":13765,"href":"https:\/\/www.elsindical.com.ar\/notas\/wp-json\/wp\/v2\/posts\/13763\/revisions\/13765"}],"wp:attachment":[{"href":"https:\/\/www.elsindical.com.ar\/notas\/wp-json\/wp\/v2\/media?parent=13763"}],"wp:term":[{"taxonomy":"category","embeddable":true,"href":"https:\/\/www.elsindical.com.ar\/notas\/wp-json\/wp\/v2\/categories?post=13763"},{"taxonomy":"post_tag","embeddable":true,"href":"https:\/\/www.elsindical.com.ar\/notas\/wp-json\/wp\/v2\/tags?post=13763"}],"curies":[{"name":"wp","href":"https:\/\/api.w.org\/{rel}","templated":true}]}}