{"id":137586,"date":"2025-05-07T09:47:58","date_gmt":"2025-05-07T12:47:58","guid":{"rendered":"https:\/\/www.elsindical.com.ar\/notas\/?p=137586"},"modified":"2025-05-07T09:48:03","modified_gmt":"2025-05-07T12:48:03","slug":"convocatoria-fotografica-internacional","status":"publish","type":"post","link":"https:\/\/www.elsindical.com.ar\/notas\/convocatoria-fotografica-internacional\/","title":{"rendered":"\u00a1Convocatoria Fotogr\u00e1fica Internacional!"},"content":{"rendered":"<div class=\"wp-block-image\">\n<figure class=\"aligncenter size-full\"><a href=\"https:\/\/www.elsindical.com.ar\/notas\/var\/www\/html\/notas\/wp-content\/uploads\/2025\/05\/convocatoria-fotografica.jpg\"><img loading=\"lazy\" decoding=\"async\" width=\"500\" height=\"620\" src=\"https:\/\/www.elsindical.com.ar\/notas\/var\/www\/html\/notas\/wp-content\/uploads\/2025\/05\/convocatoria-fotografica.jpg\" alt=\"\" class=\"wp-image-137587\" srcset=\"https:\/\/www.elsindical.com.ar\/notas\/var\/www\/html\/notas\/wp-content\/uploads\/2025\/05\/convocatoria-fotografica.jpg 500w, https:\/\/www.elsindical.com.ar\/notas\/var\/www\/html\/notas\/wp-content\/uploads\/2025\/05\/convocatoria-fotografica-242x300.jpg 242w\" sizes=\"auto, (max-width: 500px) 100vw, 500px\" \/><\/a><\/figure>\n<\/div>\n\n\n<p>Tema: \u00abLA BELLEZA SILENCIOSA\u00bb. La serena poes\u00eda de un mundo que se revela con delicadeza.<br><br>\u00abLa Belleza Silenciosa\u00bb es una invitaci\u00f3n a explorar c\u00f3mo el silencio, lejos de ser vac\u00edo, puede volverse plenitud: un espacio donde la luz, el tiempo y la emoci\u00f3n se entrelazan.<br><br>Te invitamos a participar en esta convocatoria fotogr\u00e1fica y a compartir tu visi\u00f3n de \u00abLa Belleza Silenciosa\u00bb.<br><br>\u00bfQu\u00e9 te espera?<br><br>&#x1f3c6; Una exposici\u00f3n colectiva en nuestra galer\u00eda para los ganadores de los premios Oro, Plata y Bronce, as\u00ed como para las Menciones Honor\u00edficas.<br>&#x1f31f; Una exposici\u00f3n individual para el ganador del Premio Oro, brind\u00e1ndole una oportunidad \u00fanica para exhibir su visi\u00f3n.<br><br>\u00bfPor qu\u00e9 participar?<br><br>Porque tus fotograf\u00edas cuentan historias que merecen ser vistas. \u00a1Este es tu momento para compartir tu arte con el mundo!<br><br>\u00bfC\u00f3mo participar?<br><br>\u2022 Ve a nuestro website: www.exposure.gallery , secci\u00f3n \u00abCONVOCATORIAS\u00bb<\/p>\n","protected":false},"excerpt":{"rendered":"<p>Tema: \u00abLA BELLEZA SILENCIOSA\u00bb. La serena poes\u00eda de un mundo que se revela con delicadeza. \u00abLa Belleza Silenciosa\u00bb es una invitaci\u00f3n a explorar c\u00f3mo el silencio, lejos de ser vac\u00edo, puede volverse plenitud: un espacio donde la luz, el tiempo y la emoci\u00f3n se entrelazan. Te invitamos a participar en esta convocatoria fotogr\u00e1fica y a&hellip;<\/p>\n","protected":false},"author":1,"featured_media":137587,"comment_status":"open","ping_status":"open","sticky":false,"template":"","format":"standard","meta":{"footnotes":""},"categories":[25],"tags":[45134,2450,22032],"class_list":["post-137586","post","type-post","status-publish","format-standard","has-post-thumbnail","hentry","category-sociedad","tag-convocatoria-fotografica","tag-diario-el-sindical","tag-sociedad"],"_links":{"self":[{"href":"https:\/\/www.elsindical.com.ar\/notas\/wp-json\/wp\/v2\/posts\/137586","targetHints":{"allow":["GET"]}}],"collection":[{"href":"https:\/\/www.elsindical.com.ar\/notas\/wp-json\/wp\/v2\/posts"}],"about":[{"href":"https:\/\/www.elsindical.com.ar\/notas\/wp-json\/wp\/v2\/types\/post"}],"author":[{"embeddable":true,"href":"https:\/\/www.elsindical.com.ar\/notas\/wp-json\/wp\/v2\/users\/1"}],"replies":[{"embeddable":true,"href":"https:\/\/www.elsindical.com.ar\/notas\/wp-json\/wp\/v2\/comments?post=137586"}],"version-history":[{"count":1,"href":"https:\/\/www.elsindical.com.ar\/notas\/wp-json\/wp\/v2\/posts\/137586\/revisions"}],"predecessor-version":[{"id":137588,"href":"https:\/\/www.elsindical.com.ar\/notas\/wp-json\/wp\/v2\/posts\/137586\/revisions\/137588"}],"wp:featuredmedia":[{"embeddable":true,"href":"https:\/\/www.elsindical.com.ar\/notas\/wp-json\/wp\/v2\/media\/137587"}],"wp:attachment":[{"href":"https:\/\/www.elsindical.com.ar\/notas\/wp-json\/wp\/v2\/media?parent=137586"}],"wp:term":[{"taxonomy":"category","embeddable":true,"href":"https:\/\/www.elsindical.com.ar\/notas\/wp-json\/wp\/v2\/categories?post=137586"},{"taxonomy":"post_tag","embeddable":true,"href":"https:\/\/www.elsindical.com.ar\/notas\/wp-json\/wp\/v2\/tags?post=137586"}],"curies":[{"name":"wp","href":"https:\/\/api.w.org\/{rel}","templated":true}]}}