{"id":137546,"date":"2025-05-05T15:59:30","date_gmt":"2025-05-05T18:59:30","guid":{"rendered":"https:\/\/www.elsindical.com.ar\/notas\/?p=137546"},"modified":"2025-05-05T15:59:42","modified_gmt":"2025-05-05T18:59:42","slug":"lla-una-arrepentida-revelo-que-le-pedian-plata-y-firmas-ilegales","status":"publish","type":"post","link":"https:\/\/www.elsindical.com.ar\/notas\/lla-una-arrepentida-revelo-que-le-pedian-plata-y-firmas-ilegales\/","title":{"rendered":"LLA: una arrepentida revel\u00f3 que le ped\u00edan plata y firmas ilegales"},"content":{"rendered":"<div class=\"wp-block-image\">\n<figure class=\"aligncenter size-full\"><a href=\"https:\/\/www.elsindical.com.ar\/notas\/var\/www\/html\/notas\/wp-content\/uploads\/2025\/05\/Viviana-Aguirre-LLA.jpg\"><img loading=\"lazy\" decoding=\"async\" width=\"700\" height=\"506\" src=\"https:\/\/www.elsindical.com.ar\/notas\/var\/www\/html\/notas\/wp-content\/uploads\/2025\/05\/Viviana-Aguirre-LLA.jpg\" alt=\"\" class=\"wp-image-137547\" srcset=\"https:\/\/www.elsindical.com.ar\/notas\/var\/www\/html\/notas\/wp-content\/uploads\/2025\/05\/Viviana-Aguirre-LLA.jpg 700w, https:\/\/www.elsindical.com.ar\/notas\/var\/www\/html\/notas\/wp-content\/uploads\/2025\/05\/Viviana-Aguirre-LLA-300x217.jpg 300w\" sizes=\"auto, (max-width: 700px) 100vw, 700px\" \/><\/a><\/figure>\n<\/div>\n\n\n<p>La denunciante es Viviana Aguirre, quien denunci\u00f3 que la hicieron renunciar a su trabajo para convertirse en \u00abdirectora de PAMI\u00bb, pero que deb\u00eda entregar \u00abun mill\u00f3n de pesos de retorno\u00bb. Adem\u00e1s, vincul\u00f3 a Sebasti\u00e1n Pareja, presidente del partido en PBA.<\/p>\n\n\n\n<p>En los \u00faltimos d\u00edas estall\u00f3 un esc\u00e1ndalo por coimas en La Libertad Avanza (LLA) luego de que<strong> Viviana Aguirre<\/strong>, diputada provincial suplente y excoordinadora contable de la Unidad de Gesti\u00f3n Local (UGL) VII de PAMI, denunci\u00f3 que la hicieron renunciar a su trabajo para convertirse en \u00abdirectora\u00bb del organismo, pero que deb\u00eda entregar \u00abun mill\u00f3n de pesos de retorno\u00bb. Adem\u00e1s, vincul\u00f3 a Sebasti\u00e1n Pareja, presidente del partido en la provincia de Buenos Aires.<\/p>\n\n\n\n<p><strong>\u00abEn mi caso eh cre\u00ed que Javier Milei iba realmente a cambiar el pa\u00eds. Era la primera vez que me met\u00eda dentro de la pol\u00edtica. Hice caso, puse m\u00e1s de $15 millones para la campa\u00f1a de mi bolsillo, junto al doctor Ra\u00fal Simoneto\u00bb,<\/strong> relat\u00f3 este lunes la exfuncionaria, en di\u00e1logo con <em>Radio 10.<\/em><br><br>El monto, seg\u00fan detall\u00f3, se debe a que <strong>\u00abhay muchos gastos en caf\u00e9, en viajes, en reuniones\u00bb<\/strong>. Adem\u00e1s, revel\u00f3 que <strong>\u00abfui fiscal general y puse muchos fiscales en la ciudad de la Plata en paralelo a Carolina P\u00edparo, porque ella no te dejaba tampoco trabajar\u00bb. \u00abTuve que hablar con Javier que me dio la derecha para poder seguir un segundo camino para poder fiscalizar y poder trabajar\u00bb<\/strong>, se\u00f1al\u00f3.<\/p>\n\n\n\n<figure class=\"wp-block-image size-large\"><a href=\"https:\/\/www.elsindical.com.ar\/notas\/var\/www\/html\/notas\/wp-content\/uploads\/2025\/05\/Sebastian-Pareja-Karina-Milei-Martin-Menem.jpeg\"><img loading=\"lazy\" decoding=\"async\" width=\"1024\" height=\"1024\" src=\"https:\/\/www.elsindical.com.ar\/notas\/var\/www\/html\/notas\/wp-content\/uploads\/2025\/05\/Sebastian-Pareja-Karina-Milei-Martin-Menem-1024x1024.jpeg\" alt=\"\" class=\"wp-image-137548\" srcset=\"https:\/\/www.elsindical.com.ar\/notas\/var\/www\/html\/notas\/wp-content\/uploads\/2025\/05\/Sebastian-Pareja-Karina-Milei-Martin-Menem-1024x1024.jpeg 1024w, https:\/\/www.elsindical.com.ar\/notas\/var\/www\/html\/notas\/wp-content\/uploads\/2025\/05\/Sebastian-Pareja-Karina-Milei-Martin-Menem-300x300.jpeg 300w, https:\/\/www.elsindical.com.ar\/notas\/var\/www\/html\/notas\/wp-content\/uploads\/2025\/05\/Sebastian-Pareja-Karina-Milei-Martin-Menem-150x150.jpeg 150w, https:\/\/www.elsindical.com.ar\/notas\/var\/www\/html\/notas\/wp-content\/uploads\/2025\/05\/Sebastian-Pareja-Karina-Milei-Martin-Menem-768x768.jpeg 768w, https:\/\/www.elsindical.com.ar\/notas\/var\/www\/html\/notas\/wp-content\/uploads\/2025\/05\/Sebastian-Pareja-Karina-Milei-Martin-Menem-50x50.jpeg 50w, https:\/\/www.elsindical.com.ar\/notas\/var\/www\/html\/notas\/wp-content\/uploads\/2025\/05\/Sebastian-Pareja-Karina-Milei-Martin-Menem.jpeg 1440w\" sizes=\"auto, (max-width: 1024px) 100vw, 1024px\" \/><\/a><\/figure>\n\n\n\n<p>En cuanto a las ventas de candidaturas denunciadas en LLA, Aguirre devel\u00f3 que \u00ab<strong>me avisaron que Pareja las vend\u00eda a u$s100&#8243;. \u00abEn mi caso no me pas\u00f3, me dio una mano Carlos Kikuchi para poder estar en la lista, obviamente por mi trabajo. Yo no tuve que comprar el cargo, los $15 millones que puse fueron para la log\u00edstica de la campa\u00f1a<\/strong>\u00ab, a\u00f1adi\u00f3.<\/p>\n\n\n\n<p><strong>\u00abKikuchi se separ\u00f3 en el momento en que se dio cuenta que la cosa ven\u00eda mal. No era lo que el Presidente nos hab\u00eda dicho que iba a hacer, obviamente terminar con la casta, que todos sabemos que la casta la sigue teniendo y siguen metiendo casta y sobre todo gente muy mala, con el narcotr\u00e1fico, con violaciones, con maltrato a las mujeres. Ustedes ver\u00e1n todo el prontuario que tienen ellos dentro de LLA<\/strong>\u00ab, apunt\u00f3.<br><br><strong>\u00abEn ese momento Juan Esteban Osaba, que es mano derecha de Pareja, me hizo renunciar a mi trabajo y un mes despu\u00e9s me dijo, &#8216;Vivi, ya vas a entrar como directora de PAMI, me ten\u00e9s que dar un mill\u00f3n de pesos de retorno&#8217;, ped\u00edan del 5% en adelante seg\u00fan el sueldo y que firmara papeles ilegales\u00bb<\/strong>, afirm\u00f3 la mujer.<\/p>\n","protected":false},"excerpt":{"rendered":"<p>La denunciante es Viviana Aguirre, quien denunci\u00f3 que la hicieron renunciar a su trabajo para convertirse en \u00abdirectora de PAMI\u00bb, pero que deb\u00eda entregar \u00abun mill\u00f3n de pesos de retorno\u00bb. Adem\u00e1s, vincul\u00f3 a Sebasti\u00e1n Pareja, presidente del partido en PBA. En los \u00faltimos d\u00edas estall\u00f3 un esc\u00e1ndalo por coimas en La Libertad Avanza (LLA) luego&hellip;<\/p>\n","protected":false},"author":1,"featured_media":137547,"comment_status":"open","ping_status":"open","sticky":false,"template":"","format":"standard","meta":{"footnotes":""},"categories":[6,13],"tags":[39962,4081,2450,28812,40628,3582,43678,45129],"class_list":["post-137546","post","type-post","status-publish","format-standard","has-post-thumbnail","hentry","category-denuncias","category-politica","tag-carlos-kikuchi","tag-carolina-piparo","tag-diario-el-sindical","tag-javier-milei","tag-lla","tag-pami","tag-sebastian-pareja","tag-viviana-aguirre"],"_links":{"self":[{"href":"https:\/\/www.elsindical.com.ar\/notas\/wp-json\/wp\/v2\/posts\/137546","targetHints":{"allow":["GET"]}}],"collection":[{"href":"https:\/\/www.elsindical.com.ar\/notas\/wp-json\/wp\/v2\/posts"}],"about":[{"href":"https:\/\/www.elsindical.com.ar\/notas\/wp-json\/wp\/v2\/types\/post"}],"author":[{"embeddable":true,"href":"https:\/\/www.elsindical.com.ar\/notas\/wp-json\/wp\/v2\/users\/1"}],"replies":[{"embeddable":true,"href":"https:\/\/www.elsindical.com.ar\/notas\/wp-json\/wp\/v2\/comments?post=137546"}],"version-history":[{"count":1,"href":"https:\/\/www.elsindical.com.ar\/notas\/wp-json\/wp\/v2\/posts\/137546\/revisions"}],"predecessor-version":[{"id":137549,"href":"https:\/\/www.elsindical.com.ar\/notas\/wp-json\/wp\/v2\/posts\/137546\/revisions\/137549"}],"wp:featuredmedia":[{"embeddable":true,"href":"https:\/\/www.elsindical.com.ar\/notas\/wp-json\/wp\/v2\/media\/137547"}],"wp:attachment":[{"href":"https:\/\/www.elsindical.com.ar\/notas\/wp-json\/wp\/v2\/media?parent=137546"}],"wp:term":[{"taxonomy":"category","embeddable":true,"href":"https:\/\/www.elsindical.com.ar\/notas\/wp-json\/wp\/v2\/categories?post=137546"},{"taxonomy":"post_tag","embeddable":true,"href":"https:\/\/www.elsindical.com.ar\/notas\/wp-json\/wp\/v2\/tags?post=137546"}],"curies":[{"name":"wp","href":"https:\/\/api.w.org\/{rel}","templated":true}]}}