{"id":137441,"date":"2025-04-30T14:06:40","date_gmt":"2025-04-30T17:06:40","guid":{"rendered":"https:\/\/www.elsindical.com.ar\/notas\/?p=137441"},"modified":"2025-04-30T14:55:28","modified_gmt":"2025-04-30T17:55:28","slug":"avellaneda-la-prefectura-secuestro-mas-de-10-kilos-de-cocaina","status":"publish","type":"post","link":"https:\/\/www.elsindical.com.ar\/notas\/avellaneda-la-prefectura-secuestro-mas-de-10-kilos-de-cocaina\/","title":{"rendered":"Avellaneda: La Prefectura secuestro m\u00e1s de 10 kilos de coca\u00edna"},"content":{"rendered":"\n<figure class=\"wp-block-image size-large\"><a href=\"https:\/\/www.elsindical.com.ar\/notas\/var\/www\/html\/notas\/wp-content\/uploads\/2025\/04\/Avellaneda-secuestro-cocaina-Prefectura-30-abril-25-1.jpg\"><img loading=\"lazy\" decoding=\"async\" width=\"1024\" height=\"766\" src=\"https:\/\/www.elsindical.com.ar\/notas\/var\/www\/html\/notas\/wp-content\/uploads\/2025\/04\/Avellaneda-secuestro-cocaina-Prefectura-30-abril-25-1-1024x766.jpg\" alt=\"\" class=\"wp-image-137442\" srcset=\"https:\/\/www.elsindical.com.ar\/notas\/var\/www\/html\/notas\/wp-content\/uploads\/2025\/04\/Avellaneda-secuestro-cocaina-Prefectura-30-abril-25-1-1024x766.jpg 1024w, https:\/\/www.elsindical.com.ar\/notas\/var\/www\/html\/notas\/wp-content\/uploads\/2025\/04\/Avellaneda-secuestro-cocaina-Prefectura-30-abril-25-1-300x224.jpg 300w, https:\/\/www.elsindical.com.ar\/notas\/var\/www\/html\/notas\/wp-content\/uploads\/2025\/04\/Avellaneda-secuestro-cocaina-Prefectura-30-abril-25-1-768x575.jpg 768w, https:\/\/www.elsindical.com.ar\/notas\/var\/www\/html\/notas\/wp-content\/uploads\/2025\/04\/Avellaneda-secuestro-cocaina-Prefectura-30-abril-25-1-1536x1149.jpg 1536w, https:\/\/www.elsindical.com.ar\/notas\/var\/www\/html\/notas\/wp-content\/uploads\/2025\/04\/Avellaneda-secuestro-cocaina-Prefectura-30-abril-25-1.jpg 1600w\" sizes=\"auto, (max-width: 1024px) 100vw, 1024px\" \/><\/a><\/figure>\n\n\n\n<p>En un operativo de seguridad en la intersecci\u00f3n de Jujuy y Chile, en la localidad de Pi\u00f1eiro, efectivos de la Prefectura Naval Argentina lograron interceptar un veh\u00edculo sospechoso que intent\u00f3 evadir un control policial. La r\u00e1pida acci\u00f3n de los uniformados permiti\u00f3 hallar una caja con varios paquetes de estupefacientes en su interior, cuya evaluaci\u00f3n posterior determin\u00f3 que se trataba de m\u00e1s de 10 kilogramos de coca\u00edna.<\/p>\n\n\n\n<p>Luego de una persecuci\u00f3n que se inici\u00f3 pasadas la 01:10 de la madrugada, cuando un Volkswagen Polo sin dominio colocado y circulando con las luces apagadas despert\u00f3 las sospechas de un m\u00f3vil de Prefectura. Ante la indicaci\u00f3n de alto, el conductor opt\u00f3 por la huida, recorriendo aproximadamente 100 metros antes de que dos masculinos descendieran del rodado y escaparan a pie.<\/p>\n\n\n\n<p>Al inspeccionar el veh\u00edculo abandonado, los efectivos verificaron el n\u00famero de chasis y motor en el sistema SIFCOP, constatando que el dominio asignado (AF712ZW) ten\u00eda prohibici\u00f3n de circular desde enero de 2025 por orden de la Direcci\u00f3n Nacional de Registro del Automotor. Pero el hallazgo m\u00e1s preocupante estaba dentro del rodado: en una caja se encontraron 10 paquetes rectangulares compactados de color amarillo. Un narcotest confirm\u00f3 que se trataba de coca\u00edna, arrojando un total de 10.737 gramos.<\/p>\n\n\n\n<p>Seg\u00fan estimaciones de especialistas en el mercado ilegal de drogas, esta cantidad de coca\u00edna, fraccionada y distribuida en el circuito clandestino, podr\u00eda alcanzar un valor superior a los 500 millones de pesos, evidenciando el golpe que este operativo asest\u00f3 al narcotr\u00e1fico en la regi\u00f3n.<\/p>\n\n\n\n<p>El Juzgado Federal de Quilmes, Secretar\u00eda N\u00b0 3, orden\u00f3 el secuestro de la droga, los documentos hallados, la chapa patente y el rodado, adem\u00e1s de disponer pericias sobre el veh\u00edculo. La Comisar\u00eda 2da. de la Polic\u00eda de la Provincia de Buenos Aires qued\u00f3 a cargo de las actuaciones, en una investigaci\u00f3n que podr\u00eda revelar nuevas conexiones dentro del tr\u00e1fico de estupefacientes.<\/p>\n\n\n\n<figure class=\"wp-block-gallery has-nested-images columns-default is-cropped wp-block-gallery-1 is-layout-flex wp-block-gallery-is-layout-flex\">\n<figure class=\"wp-block-image size-large\"><a href=\"https:\/\/www.elsindical.com.ar\/notas\/var\/www\/html\/notas\/wp-content\/uploads\/2025\/04\/Avellaneda-secuestro-cocaina-Prefectura-30-abril-25-2.jpg\"><img loading=\"lazy\" decoding=\"async\" width=\"1024\" height=\"766\" data-id=\"137443\" src=\"https:\/\/www.elsindical.com.ar\/notas\/var\/www\/html\/notas\/wp-content\/uploads\/2025\/04\/Avellaneda-secuestro-cocaina-Prefectura-30-abril-25-2.jpg\" alt=\"\" class=\"wp-image-137443\" srcset=\"https:\/\/www.elsindical.com.ar\/notas\/var\/www\/html\/notas\/wp-content\/uploads\/2025\/04\/Avellaneda-secuestro-cocaina-Prefectura-30-abril-25-2.jpg 1024w, https:\/\/www.elsindical.com.ar\/notas\/var\/www\/html\/notas\/wp-content\/uploads\/2025\/04\/Avellaneda-secuestro-cocaina-Prefectura-30-abril-25-2-300x224.jpg 300w, https:\/\/www.elsindical.com.ar\/notas\/var\/www\/html\/notas\/wp-content\/uploads\/2025\/04\/Avellaneda-secuestro-cocaina-Prefectura-30-abril-25-2-768x575.jpg 768w\" sizes=\"auto, (max-width: 1024px) 100vw, 1024px\" \/><\/a><\/figure>\n\n\n\n<figure class=\"wp-block-image size-large\"><a href=\"https:\/\/www.elsindical.com.ar\/notas\/var\/www\/html\/notas\/wp-content\/uploads\/2025\/04\/Avellaneda-secuestro-cocaina-Prefectura-30-abril-25-3.jpg\"><img loading=\"lazy\" decoding=\"async\" width=\"1024\" height=\"766\" data-id=\"137444\" src=\"https:\/\/www.elsindical.com.ar\/notas\/var\/www\/html\/notas\/wp-content\/uploads\/2025\/04\/Avellaneda-secuestro-cocaina-Prefectura-30-abril-25-3.jpg\" alt=\"\" class=\"wp-image-137444\" srcset=\"https:\/\/www.elsindical.com.ar\/notas\/var\/www\/html\/notas\/wp-content\/uploads\/2025\/04\/Avellaneda-secuestro-cocaina-Prefectura-30-abril-25-3.jpg 1024w, https:\/\/www.elsindical.com.ar\/notas\/var\/www\/html\/notas\/wp-content\/uploads\/2025\/04\/Avellaneda-secuestro-cocaina-Prefectura-30-abril-25-3-300x224.jpg 300w, https:\/\/www.elsindical.com.ar\/notas\/var\/www\/html\/notas\/wp-content\/uploads\/2025\/04\/Avellaneda-secuestro-cocaina-Prefectura-30-abril-25-3-768x575.jpg 768w\" sizes=\"auto, (max-width: 1024px) 100vw, 1024px\" \/><\/a><\/figure>\n\n\n\n<figure class=\"wp-block-image size-large\"><a href=\"https:\/\/www.elsindical.com.ar\/notas\/var\/www\/html\/notas\/wp-content\/uploads\/2025\/04\/Avellaneda-secuestro-cocaina-Prefectura-30-abril-25-4.jpg\"><img loading=\"lazy\" decoding=\"async\" width=\"768\" height=\"1024\" data-id=\"137445\" src=\"https:\/\/www.elsindical.com.ar\/notas\/var\/www\/html\/notas\/wp-content\/uploads\/2025\/04\/Avellaneda-secuestro-cocaina-Prefectura-30-abril-25-4.jpg\" alt=\"\" class=\"wp-image-137445\" srcset=\"https:\/\/www.elsindical.com.ar\/notas\/var\/www\/html\/notas\/wp-content\/uploads\/2025\/04\/Avellaneda-secuestro-cocaina-Prefectura-30-abril-25-4.jpg 768w, https:\/\/www.elsindical.com.ar\/notas\/var\/www\/html\/notas\/wp-content\/uploads\/2025\/04\/Avellaneda-secuestro-cocaina-Prefectura-30-abril-25-4-225x300.jpg 225w\" sizes=\"auto, (max-width: 768px) 100vw, 768px\" \/><\/a><\/figure>\n<\/figure>\n\n\n\n<figure class=\"wp-block-embed is-type-video is-provider-youtube wp-block-embed-youtube wp-embed-aspect-16-9 wp-has-aspect-ratio\"><div class=\"wp-block-embed__wrapper\">\n<iframe loading=\"lazy\" title=\"Avellaneda la Prefectura secuestro m\u00e1s de 10 kilos de coca\u00edna en Pi\u00f1eiro\" width=\"700\" height=\"394\" src=\"https:\/\/www.youtube.com\/embed\/arOKrP14lQo?feature=oembed\" frameborder=\"0\" allow=\"accelerometer; autoplay; clipboard-write; encrypted-media; gyroscope; picture-in-picture; web-share\" referrerpolicy=\"strict-origin-when-cross-origin\" allowfullscreen><\/iframe>\n<\/div><\/figure>\n","protected":false},"excerpt":{"rendered":"<p>En un operativo de seguridad en la intersecci\u00f3n de Jujuy y Chile, en la localidad de Pi\u00f1eiro, efectivos de la Prefectura Naval Argentina lograron interceptar un veh\u00edculo sospechoso que intent\u00f3 evadir un control policial. La r\u00e1pida acci\u00f3n de los uniformados permiti\u00f3 hallar una caja con varios paquetes de estupefacientes en su interior, cuya evaluaci\u00f3n posterior&hellip;<\/p>\n","protected":false},"author":1,"featured_media":137442,"comment_status":"open","ping_status":"open","sticky":false,"template":"","format":"standard","meta":{"footnotes":""},"categories":[22],"tags":[461,43,2450,17982,1526],"class_list":["post-137441","post","type-post","status-publish","format-standard","has-post-thumbnail","hentry","category-policiales","tag-avellaneda","tag-cocaina","tag-diario-el-sindical","tag-pineiro","tag-prefectura-naval-argentina"],"_links":{"self":[{"href":"https:\/\/www.elsindical.com.ar\/notas\/wp-json\/wp\/v2\/posts\/137441","targetHints":{"allow":["GET"]}}],"collection":[{"href":"https:\/\/www.elsindical.com.ar\/notas\/wp-json\/wp\/v2\/posts"}],"about":[{"href":"https:\/\/www.elsindical.com.ar\/notas\/wp-json\/wp\/v2\/types\/post"}],"author":[{"embeddable":true,"href":"https:\/\/www.elsindical.com.ar\/notas\/wp-json\/wp\/v2\/users\/1"}],"replies":[{"embeddable":true,"href":"https:\/\/www.elsindical.com.ar\/notas\/wp-json\/wp\/v2\/comments?post=137441"}],"version-history":[{"count":2,"href":"https:\/\/www.elsindical.com.ar\/notas\/wp-json\/wp\/v2\/posts\/137441\/revisions"}],"predecessor-version":[{"id":137447,"href":"https:\/\/www.elsindical.com.ar\/notas\/wp-json\/wp\/v2\/posts\/137441\/revisions\/137447"}],"wp:featuredmedia":[{"embeddable":true,"href":"https:\/\/www.elsindical.com.ar\/notas\/wp-json\/wp\/v2\/media\/137442"}],"wp:attachment":[{"href":"https:\/\/www.elsindical.com.ar\/notas\/wp-json\/wp\/v2\/media?parent=137441"}],"wp:term":[{"taxonomy":"category","embeddable":true,"href":"https:\/\/www.elsindical.com.ar\/notas\/wp-json\/wp\/v2\/categories?post=137441"},{"taxonomy":"post_tag","embeddable":true,"href":"https:\/\/www.elsindical.com.ar\/notas\/wp-json\/wp\/v2\/tags?post=137441"}],"curies":[{"name":"wp","href":"https:\/\/api.w.org\/{rel}","templated":true}]}}