{"id":13736,"date":"2011-04-22T12:39:20","date_gmt":"2011-04-22T15:39:20","guid":{"rendered":"http:\/\/www.elsindical.com.ar\/notas\/?p=13736"},"modified":"2011-04-22T12:39:20","modified_gmt":"2011-04-22T15:39:20","slug":"el-ex-guitarrista-de-callejeros-rechazo-el-fallo-de-la-justicia-y-aseguro-que-antes-de-ir-detenido-se-suicida","status":"publish","type":"post","link":"https:\/\/www.elsindical.com.ar\/notas\/el-ex-guitarrista-de-callejeros-rechazo-el-fallo-de-la-justicia-y-aseguro-que-antes-de-ir-detenido-se-suicida\/","title":{"rendered":"El ex guitarrista de Callejeros rechaz\u00f3 el fallo de la Justicia y asegur\u00f3 que antes de ir detenido se suicida"},"content":{"rendered":"<p><em><a href=\"http:\/\/www.elsindical.com.ar\/notas\/var\/www\/html\/notas\/wp-content\/uploads\/2011\/04\/Maximiliano-Djerfy.jpg\"><img loading=\"lazy\" decoding=\"async\" class=\"alignleft size-medium wp-image-13737\" title=\"Maximiliano-Djerfy\" src=\"http:\/\/www.elsindical.com.ar\/notas\/var\/www\/html\/notas\/wp-content\/uploads\/2011\/04\/Maximiliano-Djerfy-300x244.jpg\" alt=\"\" width=\"300\" height=\"244\" srcset=\"https:\/\/www.elsindical.com.ar\/notas\/var\/www\/html\/notas\/wp-content\/uploads\/2011\/04\/Maximiliano-Djerfy-300x244.jpg 300w, https:\/\/www.elsindical.com.ar\/notas\/var\/www\/html\/notas\/wp-content\/uploads\/2011\/04\/Maximiliano-Djerfy.jpg 413w\" sizes=\"auto, (max-width: 300px) 100vw, 300px\" \/><\/a>Maximiliano  Djerfy ratific\u00f3 su inocencia, luego de la decisi\u00f3n de la C\u00e1mara de Casaci\u00f3n que  conden\u00f3 a la banda por homicidio culposo por el incendio en el boliche Croma\u00f1\u00f3n,  donde fallecieron 193 personas. La preocupaci\u00f3n del m\u00fasico se funda en que, a  partir de la nueva sentencia, podr\u00edan aplicarle hasta 11 a\u00f1os de prisi\u00f3n. \u201cPreso  no voy a ir, antes me mato, porque yo no hice nada\u201d, asegur\u00f3.<\/em><\/p>\n<p>Tras conocerse el  fallo de la C\u00e1mara de Casaci\u00f3n, donde se conden\u00f3 a los m\u00fasicos de la banda  Callejeros por homicidio culposo, mientras que se redujo la pena del ex  gerenciador del boliche Croma\u00f1\u00f3n, el guitarrista Maximiliano Djerfy ratific\u00f3 su  inocencia y neg\u00f3 tener responsabilidad alguna con el incendio que se cobr\u00f3 la  vida de 193 personas en diciembre de 2004.<\/p>\n<p>La preocupaci\u00f3n del m\u00fasico se  funda en que, a partir de la nueva sentencia, afronta una posible condena por un  delito por el que podr\u00edan aplicarle hasta 11 a\u00f1os de prisi\u00f3n. De todas formas,  los 14 condenados en la causa por la tragedia continuar\u00e1n en libertad hasta que  la sentencia quede firme.<\/p>\n<p>\u00abEn este pa\u00eds las v\u00edctimas se transforman en  victimarios. Preso no voy a ir, antes me mato, porque yo no hice nada. S\u00f3lo  estaba tocando la guitarra. A mi me sacan con las patas para adelante\u00bb, record\u00f3  el m\u00fasico en declaraciones a un canal de noticias<\/p>\n<p>Adem\u00e1s, el m\u00fasico,  qui\u00e9n perdi\u00f3 cinco familiares en la tragedia, critic\u00f3 duramente a los familiares  de las v\u00edctimas, a la vez que atac\u00f3 al ex jefe de Gobierno porte\u00f1o, An\u00edbal  Ibarra.<\/p>\n<p>\u00abLos padres quieren venganza, no Justicia. Estoy pidiendo que  investiguen bien qu\u00e9 pas\u00f3. Todav\u00eda no s\u00e9 qui\u00e9n habilit\u00f3 el lugar. Ibarra no  estuvo en el juicio y era el jefe de gobierno. Trajeron a dos perejiles, los  funcionarios, que no saben nada\u00bb, acus\u00f3.<\/p>\n","protected":false},"excerpt":{"rendered":"<p>Maximiliano Djerfy ratific\u00f3 su inocencia, luego de la decisi\u00f3n de la C\u00e1mara de Casaci\u00f3n que conden\u00f3 a la banda por homicidio culposo por el incendio en el boliche Croma\u00f1\u00f3n, donde fallecieron 193 personas. La preocupaci\u00f3n del m\u00fasico se funda en que, a partir de la nueva sentencia, podr\u00edan aplicarle hasta 11 a\u00f1os de prisi\u00f3n. \u201cPreso&hellip;<\/p>\n","protected":false},"author":1,"featured_media":0,"comment_status":"open","ping_status":"open","sticky":false,"template":"","format":"standard","meta":{"footnotes":""},"categories":[20],"tags":[1443,1519,224,1426,6582,1158,6583],"class_list":["post-13736","post","type-post","status-publish","format-standard","hentry","category-judiciales","tag-boliche","tag-camara-de-casacion","tag-condena","tag-cromanon","tag-guitarristas","tag-incendio","tag-maximiliano-djerfy"],"_links":{"self":[{"href":"https:\/\/www.elsindical.com.ar\/notas\/wp-json\/wp\/v2\/posts\/13736","targetHints":{"allow":["GET"]}}],"collection":[{"href":"https:\/\/www.elsindical.com.ar\/notas\/wp-json\/wp\/v2\/posts"}],"about":[{"href":"https:\/\/www.elsindical.com.ar\/notas\/wp-json\/wp\/v2\/types\/post"}],"author":[{"embeddable":true,"href":"https:\/\/www.elsindical.com.ar\/notas\/wp-json\/wp\/v2\/users\/1"}],"replies":[{"embeddable":true,"href":"https:\/\/www.elsindical.com.ar\/notas\/wp-json\/wp\/v2\/comments?post=13736"}],"version-history":[{"count":1,"href":"https:\/\/www.elsindical.com.ar\/notas\/wp-json\/wp\/v2\/posts\/13736\/revisions"}],"predecessor-version":[{"id":13738,"href":"https:\/\/www.elsindical.com.ar\/notas\/wp-json\/wp\/v2\/posts\/13736\/revisions\/13738"}],"wp:attachment":[{"href":"https:\/\/www.elsindical.com.ar\/notas\/wp-json\/wp\/v2\/media?parent=13736"}],"wp:term":[{"taxonomy":"category","embeddable":true,"href":"https:\/\/www.elsindical.com.ar\/notas\/wp-json\/wp\/v2\/categories?post=13736"},{"taxonomy":"post_tag","embeddable":true,"href":"https:\/\/www.elsindical.com.ar\/notas\/wp-json\/wp\/v2\/tags?post=13736"}],"curies":[{"name":"wp","href":"https:\/\/api.w.org\/{rel}","templated":true}]}}