{"id":137304,"date":"2025-04-24T17:34:41","date_gmt":"2025-04-24T20:34:41","guid":{"rendered":"https:\/\/www.elsindical.com.ar\/notas\/?p=137304"},"modified":"2025-04-24T17:34:47","modified_gmt":"2025-04-24T20:34:47","slug":"personal-domestico-categoria-por-categoria-como-quedo-el-sueldo-basico-de-mayo-2025","status":"publish","type":"post","link":"https:\/\/www.elsindical.com.ar\/notas\/personal-domestico-categoria-por-categoria-como-quedo-el-sueldo-basico-de-mayo-2025\/","title":{"rendered":"Personal dom\u00e9stico: categor\u00eda por categor\u00eda, c\u00f3mo qued\u00f3 el sueldo b\u00e1sico de mayo 2025"},"content":{"rendered":"\n<figure class=\"wp-block-image size-full\"><a href=\"https:\/\/www.elsindical.com.ar\/notas\/var\/www\/html\/notas\/wp-content\/uploads\/2019\/04\/personal-dom\u00e9stico.jpg\"><img loading=\"lazy\" decoding=\"async\" width=\"800\" height=\"450\" src=\"https:\/\/www.elsindical.com.ar\/notas\/var\/www\/html\/notas\/wp-content\/uploads\/2019\/04\/personal-dom\u00e9stico.jpg\" alt=\"\" class=\"wp-image-86217\" srcset=\"https:\/\/www.elsindical.com.ar\/notas\/var\/www\/html\/notas\/wp-content\/uploads\/2019\/04\/personal-dom\u00e9stico.jpg 800w, https:\/\/www.elsindical.com.ar\/notas\/var\/www\/html\/notas\/wp-content\/uploads\/2019\/04\/personal-dom\u00e9stico-300x169.jpg 300w, https:\/\/www.elsindical.com.ar\/notas\/var\/www\/html\/notas\/wp-content\/uploads\/2019\/04\/personal-dom\u00e9stico-768x432.jpg 768w, https:\/\/www.elsindical.com.ar\/notas\/var\/www\/html\/notas\/wp-content\/uploads\/2019\/04\/personal-dom\u00e9stico-500x281.jpg 500w, https:\/\/www.elsindical.com.ar\/notas\/var\/www\/html\/notas\/wp-content\/uploads\/2019\/04\/personal-dom\u00e9stico-460x260.jpg 460w\" sizes=\"auto, (max-width: 800px) 100vw, 800px\" \/><\/a><\/figure>\n\n\n\n<p>Los salarios por d\u00eda y hora se determinan seg\u00fan la categor\u00eda que les corresponda. Cu\u00e1nto cobrar\u00e1n el pr\u00f3ximo mes.<\/p>\n\n\n\n<p>De cara al comienzo del mes de <strong>mayo<\/strong>, el<strong> personal dom\u00e9stico<\/strong> recibir\u00e1 sus salarios con el mismo monto del mes de abril ya que la \u00faltima <strong>paritaria <\/strong>para este sector se implement\u00f3 en marzo de este a\u00f1o y a\u00fan <strong>no hubo nuevas actualizaciones.<\/strong><\/p>\n\n\n\n<p>En ese contexto y hasta que se disponga una actualizaci\u00f3n, <strong>los valores por hora y los sueldos mensuales del personal dom\u00e9stico se mantienen en los niveles establecidos previamente.<\/strong><\/p>\n\n\n\n<h2 class=\"wp-block-heading\">Personal dom\u00e9stico: cu\u00e1nto se cobrar\u00e1 por d\u00eda y hora en mayo 2025<\/h2>\n\n\n\n<p><strong><em>De acuerdo a la categor\u00eda en que la cual ejercen sus tareas:<\/em><\/strong><\/p>\n\n\n\n<h3 class=\"wp-block-heading\">Supervisor\/a<\/h3>\n\n\n\n<ul class=\"wp-block-list\">\n<li>Con retiro: $3.495 por hora y $436.048 mensuales.<\/li>\n\n\n\n<li>Sin retiro: $3.828 y $485.709 mensuales.<\/li>\n<\/ul>\n\n\n\n<h3 class=\"wp-block-heading\">Personal para tareas espec\u00edficas<\/h3>\n\n\n\n<ul class=\"wp-block-list\">\n<li>Con retiro: $3.309 por hora y $405.113 mensuales.<\/li>\n\n\n\n<li>Sin retiro: $3.628 por hora y $450.960 mensuales.<\/li>\n<\/ul>\n\n\n\n<h3 class=\"wp-block-heading\">Caseros<\/h3>\n\n\n\n<ul class=\"wp-block-list\">\n<li>Hora: $3.126 y $440.468 mensuales.<\/li>\n<\/ul>\n\n\n\n<h3 class=\"wp-block-heading\">Asistencia y cuidado de personas<\/h3>\n\n\n\n<ul class=\"wp-block-list\">\n<li>Con retiro: $3.126 por hora y $395.253 mensuales.<\/li>\n\n\n\n<li>Sin retiro: $3.495 por hora y $440.468 mensuales.<\/li>\n<\/ul>\n\n\n\n<h3 class=\"wp-block-heading\">Personal para tareas generales<\/h3>\n\n\n\n<ul class=\"wp-block-list\">\n<li>Con retiro: $2.897 por hora y $355.447 mensuales<\/li>\n\n\n\n<li>Sin retiro: $3.126 por hora y $395.253 mensuales<\/li>\n<\/ul>\n\n\n\n<p>Es necesario aclarar que de acuerdo con el convenio colectivo, el personal que efect\u00fae tareas incluidas en m\u00e1s de una categor\u00eda, quedar\u00e1 comprendida en la que resulte la principal que <strong>desempe\u00f1e con habitualidad.<\/strong><\/p>\n\n\n\n<h2 class=\"wp-block-heading\">Empleada dom\u00e9stica: qu\u00e9 tareas realiza cada categor\u00eda<\/h2>\n\n\n\n<h3 class=\"wp-block-heading\">Supervisor\/a<\/h3>\n\n\n\n<p>Es el personal encargado de llevar a cabo la <strong>coordinaci\u00f3n y el control de las tareas efectuadas por dos o m\u00e1s personas a su cargo<\/strong>.<\/p>\n\n\n\n<h3 class=\"wp-block-heading\">Personal para tareas espec\u00edficas<\/h3>\n\n\n\n<p>Incluye principalmente a los <strong>cocineros\/as contratados en forma exclusiva para desempe\u00f1ar dicha labor<\/strong>, como as\u00ed tambi\u00e9n toda otra tarea dom\u00e9stica que requiera habilidades especiales del personal para poder llevarla a cabo.<\/p>\n\n\n\n<h3 class=\"wp-block-heading\">Caseros<\/h3>\n\n\n\n<p>Hace referencia al personal que presta<strong> tareas relacionadas con cuidado general y la preservaci\u00f3n de una vivienda<\/strong>.<\/p>\n\n\n\n<h3 class=\"wp-block-heading\">Asistencia y cuidado de personas<\/h3>\n\n\n\n<p><strong>Comprende la asistencia y cuidado no terap\u00e9utico de personas,<\/strong> tales como: personas enfermas, con discapacidad, ni\u00f1os\/as, adolescentes, adultos mayores.&nbsp;<\/p>\n\n\n\n<h3 class=\"wp-block-heading\">Personal para tareas generales<\/h3>\n\n\n\n<p>Se encarga de realizar tareas de<strong> limpieza, lavado, planchado, mantenimiento, elaboraci\u00f3n y cocci\u00f3n de comidas y, en general, toda otra tarea t\u00edpica del hogar.<\/strong><\/p>\n","protected":false},"excerpt":{"rendered":"<p>Los salarios por d\u00eda y hora se determinan seg\u00fan la categor\u00eda que les corresponda. Cu\u00e1nto cobrar\u00e1n el pr\u00f3ximo mes. De cara al comienzo del mes de mayo, el personal dom\u00e9stico recibir\u00e1 sus salarios con el mismo monto del mes de abril ya que la \u00faltima paritaria para este sector se implement\u00f3 en marzo de este&hellip;<\/p>\n","protected":false},"author":1,"featured_media":86217,"comment_status":"open","ping_status":"open","sticky":false,"template":"","format":"standard","meta":{"footnotes":""},"categories":[16],"tags":[2450,45070,3367],"class_list":["post-137304","post","type-post","status-publish","format-standard","has-post-thumbnail","hentry","category-gremiales","tag-diario-el-sindical","tag-escalas-salariales","tag-personal-domestico"],"_links":{"self":[{"href":"https:\/\/www.elsindical.com.ar\/notas\/wp-json\/wp\/v2\/posts\/137304","targetHints":{"allow":["GET"]}}],"collection":[{"href":"https:\/\/www.elsindical.com.ar\/notas\/wp-json\/wp\/v2\/posts"}],"about":[{"href":"https:\/\/www.elsindical.com.ar\/notas\/wp-json\/wp\/v2\/types\/post"}],"author":[{"embeddable":true,"href":"https:\/\/www.elsindical.com.ar\/notas\/wp-json\/wp\/v2\/users\/1"}],"replies":[{"embeddable":true,"href":"https:\/\/www.elsindical.com.ar\/notas\/wp-json\/wp\/v2\/comments?post=137304"}],"version-history":[{"count":1,"href":"https:\/\/www.elsindical.com.ar\/notas\/wp-json\/wp\/v2\/posts\/137304\/revisions"}],"predecessor-version":[{"id":137305,"href":"https:\/\/www.elsindical.com.ar\/notas\/wp-json\/wp\/v2\/posts\/137304\/revisions\/137305"}],"wp:featuredmedia":[{"embeddable":true,"href":"https:\/\/www.elsindical.com.ar\/notas\/wp-json\/wp\/v2\/media\/86217"}],"wp:attachment":[{"href":"https:\/\/www.elsindical.com.ar\/notas\/wp-json\/wp\/v2\/media?parent=137304"}],"wp:term":[{"taxonomy":"category","embeddable":true,"href":"https:\/\/www.elsindical.com.ar\/notas\/wp-json\/wp\/v2\/categories?post=137304"},{"taxonomy":"post_tag","embeddable":true,"href":"https:\/\/www.elsindical.com.ar\/notas\/wp-json\/wp\/v2\/tags?post=137304"}],"curies":[{"name":"wp","href":"https:\/\/api.w.org\/{rel}","templated":true}]}}