{"id":137299,"date":"2025-04-24T17:20:36","date_gmt":"2025-04-24T20:20:36","guid":{"rendered":"https:\/\/www.elsindical.com.ar\/notas\/?p=137299"},"modified":"2025-04-24T17:20:41","modified_gmt":"2025-04-24T20:20:41","slug":"milei-impulsa-una-profunda-desregulacion-en-todos-los-ministros","status":"publish","type":"post","link":"https:\/\/www.elsindical.com.ar\/notas\/milei-impulsa-una-profunda-desregulacion-en-todos-los-ministros\/","title":{"rendered":"Milei impulsa una profunda desregulaci\u00f3n en\u00a0todos los ministros"},"content":{"rendered":"\n<figure class=\"wp-block-image size-large\"><a href=\"https:\/\/www.elsindical.com.ar\/notas\/var\/www\/html\/notas\/wp-content\/uploads\/2023\/12\/Mileo-motosierra-empleados.jpg\"><img loading=\"lazy\" decoding=\"async\" width=\"1024\" height=\"576\" src=\"https:\/\/www.elsindical.com.ar\/notas\/var\/www\/html\/notas\/wp-content\/uploads\/2023\/12\/Mileo-motosierra-empleados-1024x576.jpg\" alt=\"\" class=\"wp-image-127412\" srcset=\"https:\/\/www.elsindical.com.ar\/notas\/var\/www\/html\/notas\/wp-content\/uploads\/2023\/12\/Mileo-motosierra-empleados-1024x576.jpg 1024w, https:\/\/www.elsindical.com.ar\/notas\/var\/www\/html\/notas\/wp-content\/uploads\/2023\/12\/Mileo-motosierra-empleados-300x169.jpg 300w, https:\/\/www.elsindical.com.ar\/notas\/var\/www\/html\/notas\/wp-content\/uploads\/2023\/12\/Mileo-motosierra-empleados-768x432.jpg 768w, https:\/\/www.elsindical.com.ar\/notas\/var\/www\/html\/notas\/wp-content\/uploads\/2023\/12\/Mileo-motosierra-empleados-500x281.jpg 500w, https:\/\/www.elsindical.com.ar\/notas\/var\/www\/html\/notas\/wp-content\/uploads\/2023\/12\/Mileo-motosierra-empleados-460x260.jpg 460w, https:\/\/www.elsindical.com.ar\/notas\/var\/www\/html\/notas\/wp-content\/uploads\/2023\/12\/Mileo-motosierra-empleados.jpg 1200w\" sizes=\"auto, (max-width: 1024px) 100vw, 1024px\" \/><\/a><\/figure>\n\n\n\n<p>Javier Milei anticip\u00f3 un \u201cshock regulatorio\u201d sin precedentes y orden\u00f3 a cada ministerio eliminar normativas en desuso: \u201c\u00a1Vuela todo afuera!\u201d.<\/p>\n\n\n\n<p>El presidente <strong>Javier Milei<\/strong> anunci\u00f3 este jueves una nueva etapa de reformas estructurales que apunta a una profunda desregulaci\u00f3n del Estado. Durante una entrevista radial, anticip\u00f3 que \u201c<strong>se viene el shock regulatorio m\u00e1s grande de la historia\u201d.<\/strong><\/p>\n\n\n\n<p>\u201cFederico Sturzenegger le pidi\u00f3 a cada ministro que haga un digesto de las leyes que usan. El plexo normativo de la Argentina comprende 42 mil leyes, 700 mil decretos y 220 mil circulares\u201d, explic\u00f3 Milei. \u201c<strong>Se le pidi\u00f3 a cada ministro que determine qu\u00e9 es lo que est\u00e1 usando: con el resto, motosierra. \u00a1Vuela todo afuera!\u201d&nbsp;<\/strong><\/p>\n\n\n\n<p>El mandatario calific\u00f3 esta iniciativa como \u201cel shock regulatorio m\u00e1s grande de la historia de la humanidad\u201d y afirm\u00f3 que su gobierno realiz\u00f3 m\u00e1s reformas que cualquier otro en el \u00faltimo siglo.<\/p>\n\n\n\n<p>Esta nueva fase de desregulaci\u00f3n se suma a las medidas ya implementadas por el gobierno, como la derogaci\u00f3n de leyes de control de precios y la eliminaci\u00f3n de regulaciones en diversos sectores econ\u00f3micos.&nbsp;<\/p>\n","protected":false},"excerpt":{"rendered":"<p>Javier Milei anticip\u00f3 un \u201cshock regulatorio\u201d sin precedentes y orden\u00f3 a cada ministerio eliminar normativas en desuso: \u201c\u00a1Vuela todo afuera!\u201d. El presidente Javier Milei anunci\u00f3 este jueves una nueva etapa de reformas estructurales que apunta a una profunda desregulaci\u00f3n del Estado. Durante una entrevista radial, anticip\u00f3 que \u201cse viene el shock regulatorio m\u00e1s grande de&hellip;<\/p>\n","protected":false},"author":1,"featured_media":127412,"comment_status":"open","ping_status":"open","sticky":false,"template":"","format":"standard","meta":{"footnotes":""},"categories":[13],"tags":[28571,2450,37,28812],"class_list":["post-137299","post","type-post","status-publish","format-standard","has-post-thumbnail","hentry","category-politica","tag-desregulacion","tag-diario-el-sindical","tag-federico-sturzenegger","tag-javier-milei"],"_links":{"self":[{"href":"https:\/\/www.elsindical.com.ar\/notas\/wp-json\/wp\/v2\/posts\/137299","targetHints":{"allow":["GET"]}}],"collection":[{"href":"https:\/\/www.elsindical.com.ar\/notas\/wp-json\/wp\/v2\/posts"}],"about":[{"href":"https:\/\/www.elsindical.com.ar\/notas\/wp-json\/wp\/v2\/types\/post"}],"author":[{"embeddable":true,"href":"https:\/\/www.elsindical.com.ar\/notas\/wp-json\/wp\/v2\/users\/1"}],"replies":[{"embeddable":true,"href":"https:\/\/www.elsindical.com.ar\/notas\/wp-json\/wp\/v2\/comments?post=137299"}],"version-history":[{"count":1,"href":"https:\/\/www.elsindical.com.ar\/notas\/wp-json\/wp\/v2\/posts\/137299\/revisions"}],"predecessor-version":[{"id":137300,"href":"https:\/\/www.elsindical.com.ar\/notas\/wp-json\/wp\/v2\/posts\/137299\/revisions\/137300"}],"wp:featuredmedia":[{"embeddable":true,"href":"https:\/\/www.elsindical.com.ar\/notas\/wp-json\/wp\/v2\/media\/127412"}],"wp:attachment":[{"href":"https:\/\/www.elsindical.com.ar\/notas\/wp-json\/wp\/v2\/media?parent=137299"}],"wp:term":[{"taxonomy":"category","embeddable":true,"href":"https:\/\/www.elsindical.com.ar\/notas\/wp-json\/wp\/v2\/categories?post=137299"},{"taxonomy":"post_tag","embeddable":true,"href":"https:\/\/www.elsindical.com.ar\/notas\/wp-json\/wp\/v2\/tags?post=137299"}],"curies":[{"name":"wp","href":"https:\/\/api.w.org\/{rel}","templated":true}]}}