{"id":137195,"date":"2025-04-16T11:57:55","date_gmt":"2025-04-16T14:57:55","guid":{"rendered":"https:\/\/www.elsindical.com.ar\/notas\/?p=137195"},"modified":"2025-04-16T11:58:00","modified_gmt":"2025-04-16T14:58:00","slug":"la-ajb-exige-a-la-suprema-corte-el-apartamiento-inmediato-de-la-fiscal-albisu-de-la-ufi-de-brandsen","status":"publish","type":"post","link":"https:\/\/www.elsindical.com.ar\/notas\/la-ajb-exige-a-la-suprema-corte-el-apartamiento-inmediato-de-la-fiscal-albisu-de-la-ufi-de-brandsen\/","title":{"rendered":"La AJB exige a la Suprema Corte el apartamiento inmediato de la Fiscal Albisu de la UFI de Brandsen"},"content":{"rendered":"<div class=\"wp-block-image\">\n<figure class=\"aligncenter size-full\"><a href=\"https:\/\/www.elsindical.com.ar\/notas\/var\/www\/html\/notas\/wp-content\/uploads\/2025\/04\/apartamiento-fiscal-Albisu.jpg\"><img loading=\"lazy\" decoding=\"async\" width=\"512\" height=\"640\" src=\"https:\/\/www.elsindical.com.ar\/notas\/var\/www\/html\/notas\/wp-content\/uploads\/2025\/04\/apartamiento-fiscal-Albisu.jpg\" alt=\"\" class=\"wp-image-137196\" srcset=\"https:\/\/www.elsindical.com.ar\/notas\/var\/www\/html\/notas\/wp-content\/uploads\/2025\/04\/apartamiento-fiscal-Albisu.jpg 512w, https:\/\/www.elsindical.com.ar\/notas\/var\/www\/html\/notas\/wp-content\/uploads\/2025\/04\/apartamiento-fiscal-Albisu-240x300.jpg 240w\" sizes=\"auto, (max-width: 512px) 100vw, 512px\" \/><\/a><\/figure>\n<\/div>\n\n\n<p>Desde la AJB volvemos a levantar la voz frente a una situaci\u00f3n que resulta intolerable: la permanencia de la Dra. Mariana Albisu al frente de la UFI descentralizada de Brandsen, departamental La Plata. A pesar de las numerosas denuncias, los contundentes informes t\u00e9cnicos de la Direcci\u00f3n Provincial de Sanidad de la Suprema Corte, los testimonios de las compa\u00f1eras v\u00edctimas y el accionar persistente del gremio desde 2019, sigue en funciones una magistrada que ha hecho del abuso de poder su forma de gesti\u00f3n.<\/p>\n\n\n\n<p>El Secretario Gremial de la AJB, Oscar Yenni resalt\u00f3 que \u201cresulta incomprensible que una Magistrada acusada de violencia de g\u00e9nero en el \u00e1mbito laboral e imputada penalmente por la comisi\u00f3n de los delitos de abuso de autoridad y lesiones graves en 6 hechos, contin\u00fae trabajando, cuando por faltas administrativas graves un trabajador o trabajadora es inmediatamente suspendido hasta tanto se dirime el sumario administrativo o bien se resuelve la causa penal seg\u00fan el caso\u201d.<\/p>\n\n\n\n<p>En este contexto, exigimos a la Suprema Corte de Justicia de la Provincia de Buenos Aires que intervenga de forma inmediata y disponga el apartamiento compulsivo de Albisu, mientras se sustancia el proceso de enjuiciamiento que tramita actualmente. La presencia de esta fiscal en su cargo no solo pone en riesgo la salud ps\u00edquica y f\u00edsica de las y los compa\u00f1eros judiciales, sino que constituye un mensaje nefasto: que quienes ejercen violencia pueden seguir impunes si cuentan con protecci\u00f3n pol\u00edtica.<\/p>\n\n\n\n<p>La AJB reafirma su compromiso con la defensa de los derechos laborales, la erradicaci\u00f3n de las violencias en el Poder Judicial y la construcci\u00f3n de \u00e1mbitos de trabajo dignos y libres de abusos. No vamos a permitir que se naturalicen pr\u00e1cticas que vulneran la integridad de nuestras compa\u00f1eras y compa\u00f1eros.<\/p>\n\n\n\n<p>Secretar\u00eda Gremial<\/p>\n\n\n\n<p><a href=\"https:\/\/www.instagram.com\/_u\/asociacion_judicial_bonaerense?fbclid=IwZXh0bgNhZW0CMTAAAR7Ul4knP-foMc4bl6QTGS3jl-_tFmH7_XOqJmYtmS5CQvauFKxajJZNEICUSw_aem_NAeeeKC_RdBOx7Llp0yKlw\" rel=\"noreferrer noopener\" target=\"_blank\">@asociacion_judicial_bonaerense<\/a><\/p>\n","protected":false},"excerpt":{"rendered":"<p>Desde la AJB volvemos a levantar la voz frente a una situaci\u00f3n que resulta intolerable: la permanencia de la Dra. Mariana Albisu al frente de la UFI descentralizada de Brandsen, departamental La Plata. A pesar de las numerosas denuncias, los contundentes informes t\u00e9cnicos de la Direcci\u00f3n Provincial de Sanidad de la Suprema Corte, los testimonios&hellip;<\/p>\n","protected":false},"author":1,"featured_media":137196,"comment_status":"open","ping_status":"open","sticky":false,"template":"","format":"standard","meta":{"footnotes":""},"categories":[16],"tags":[4626,2450,239,45041,45042],"class_list":["post-137195","post","type-post","status-publish","format-standard","has-post-thumbnail","hentry","category-gremiales","tag-ajb","tag-diario-el-sindical","tag-la-plata","tag-oscar-yenni","tag-ufi-brandsen"],"_links":{"self":[{"href":"https:\/\/www.elsindical.com.ar\/notas\/wp-json\/wp\/v2\/posts\/137195","targetHints":{"allow":["GET"]}}],"collection":[{"href":"https:\/\/www.elsindical.com.ar\/notas\/wp-json\/wp\/v2\/posts"}],"about":[{"href":"https:\/\/www.elsindical.com.ar\/notas\/wp-json\/wp\/v2\/types\/post"}],"author":[{"embeddable":true,"href":"https:\/\/www.elsindical.com.ar\/notas\/wp-json\/wp\/v2\/users\/1"}],"replies":[{"embeddable":true,"href":"https:\/\/www.elsindical.com.ar\/notas\/wp-json\/wp\/v2\/comments?post=137195"}],"version-history":[{"count":1,"href":"https:\/\/www.elsindical.com.ar\/notas\/wp-json\/wp\/v2\/posts\/137195\/revisions"}],"predecessor-version":[{"id":137197,"href":"https:\/\/www.elsindical.com.ar\/notas\/wp-json\/wp\/v2\/posts\/137195\/revisions\/137197"}],"wp:featuredmedia":[{"embeddable":true,"href":"https:\/\/www.elsindical.com.ar\/notas\/wp-json\/wp\/v2\/media\/137196"}],"wp:attachment":[{"href":"https:\/\/www.elsindical.com.ar\/notas\/wp-json\/wp\/v2\/media?parent=137195"}],"wp:term":[{"taxonomy":"category","embeddable":true,"href":"https:\/\/www.elsindical.com.ar\/notas\/wp-json\/wp\/v2\/categories?post=137195"},{"taxonomy":"post_tag","embeddable":true,"href":"https:\/\/www.elsindical.com.ar\/notas\/wp-json\/wp\/v2\/tags?post=137195"}],"curies":[{"name":"wp","href":"https:\/\/api.w.org\/{rel}","templated":true}]}}