{"id":137187,"date":"2025-04-16T10:50:14","date_gmt":"2025-04-16T13:50:14","guid":{"rendered":"https:\/\/www.elsindical.com.ar\/notas\/?p=137187"},"modified":"2025-04-16T10:50:19","modified_gmt":"2025-04-16T13:50:19","slug":"el-costo-de-crianza-llego-a-los-513-720-en-marzo","status":"publish","type":"post","link":"https:\/\/www.elsindical.com.ar\/notas\/el-costo-de-crianza-llego-a-los-513-720-en-marzo\/","title":{"rendered":"El costo de crianza lleg\u00f3 a los $513.720 en marzo"},"content":{"rendered":"<div class=\"wp-block-image\">\n<figure class=\"aligncenter size-full\"><a href=\"https:\/\/www.elsindical.com.ar\/notas\/var\/www\/html\/notas\/wp-content\/uploads\/2025\/03\/canasta-de-crianza-2.jpg\"><img loading=\"lazy\" decoding=\"async\" width=\"606\" height=\"343\" src=\"https:\/\/www.elsindical.com.ar\/notas\/var\/www\/html\/notas\/wp-content\/uploads\/2025\/03\/canasta-de-crianza-2.jpg\" alt=\"\" class=\"wp-image-136714\" srcset=\"https:\/\/www.elsindical.com.ar\/notas\/var\/www\/html\/notas\/wp-content\/uploads\/2025\/03\/canasta-de-crianza-2.jpg 606w, https:\/\/www.elsindical.com.ar\/notas\/var\/www\/html\/notas\/wp-content\/uploads\/2025\/03\/canasta-de-crianza-2-300x170.jpg 300w, https:\/\/www.elsindical.com.ar\/notas\/var\/www\/html\/notas\/wp-content\/uploads\/2025\/03\/canasta-de-crianza-2-220x126.jpg 220w, https:\/\/www.elsindical.com.ar\/notas\/var\/www\/html\/notas\/wp-content\/uploads\/2025\/03\/canasta-de-crianza-2-460x260.jpg 460w\" sizes=\"auto, (max-width: 606px) 100vw, 606px\" \/><\/a><\/figure>\n<\/div>\n\n\n<p>El INDEC dio a conocer el \u00cdndice Crianza de marzo, que contempla a chicos y chicas de hasta 12 a\u00f1os.<\/p>\n\n\n\n<p><strong>El&nbsp;Instituto Nacional de Estad\u00edsticas y Censos (INDEC) inform\u00f3 el \u00cdndice Crianza de marzo<\/strong>, que se utiliza para procesos judiciales relacionados a la cuota alimentaria. Los costos van desde los 405.414 a 513.720 pesos.<\/p>\n\n\n\n<p>La canasta de crianza durante marzo de 2025 se valoriz\u00f3 en <strong>$409.414<\/strong> para menores de 1 a\u00f1o, <strong>$486.393<\/strong> para infantes de 1 a 3 a\u00f1os,<strong> $408.372<\/strong> para los tramos de 4 y 5 a\u00f1os, y <strong>$513.720<\/strong> para ni\u00f1os, ni\u00f1as y adolescentes de 6 a 12 a\u00f1os.<\/p>\n\n\n\n<p>En <a href=\"https:\/\/www.inforegion.com.ar\/2025\/03\/19\/la-canasta-crianza-aumento-mas-que-la-inflacion-llega-a-superar-los-500-000\/\">febrero<\/a>, esas suman fueron de $404.618 para el primer grupo (aumento del <strong>1,18%<\/strong>), $480.200 en el segundo (<strong>1,4%<\/strong>), $400.485 en el tercero (<strong>1,9%<\/strong>)y $503.935 para el \u00faltimo segmento (<strong>1,9%<\/strong>).<\/p>\n\n\n\n<p><strong>El estudio presenta la valorizaci\u00f3n de la canasta de crianza desde los&nbsp;0 hasta los 12 a\u00f1os. <\/strong>Incluye tanto el&nbsp;costo mensual&nbsp;para adquirir los bienes como el&nbsp;costo de cuidado&nbsp;que surge a partir de la valorizaci\u00f3n del tiempo requerido para dicha actividad.<\/p>\n","protected":false},"excerpt":{"rendered":"<p>El INDEC dio a conocer el \u00cdndice Crianza de marzo, que contempla a chicos y chicas de hasta 12 a\u00f1os. El&nbsp;Instituto Nacional de Estad\u00edsticas y Censos (INDEC) inform\u00f3 el \u00cdndice Crianza de marzo, que se utiliza para procesos judiciales relacionados a la cuota alimentaria. Los costos van desde los 405.414 a 513.720 pesos. La canasta&hellip;<\/p>\n","protected":false},"author":1,"featured_media":136714,"comment_status":"open","ping_status":"open","sticky":false,"template":"","format":"standard","meta":{"footnotes":""},"categories":[9],"tags":[2450,2200,44263],"class_list":["post-137187","post","type-post","status-publish","format-standard","has-post-thumbnail","hentry","category-economia","tag-diario-el-sindical","tag-indec","tag-indice-de-crianza"],"_links":{"self":[{"href":"https:\/\/www.elsindical.com.ar\/notas\/wp-json\/wp\/v2\/posts\/137187","targetHints":{"allow":["GET"]}}],"collection":[{"href":"https:\/\/www.elsindical.com.ar\/notas\/wp-json\/wp\/v2\/posts"}],"about":[{"href":"https:\/\/www.elsindical.com.ar\/notas\/wp-json\/wp\/v2\/types\/post"}],"author":[{"embeddable":true,"href":"https:\/\/www.elsindical.com.ar\/notas\/wp-json\/wp\/v2\/users\/1"}],"replies":[{"embeddable":true,"href":"https:\/\/www.elsindical.com.ar\/notas\/wp-json\/wp\/v2\/comments?post=137187"}],"version-history":[{"count":1,"href":"https:\/\/www.elsindical.com.ar\/notas\/wp-json\/wp\/v2\/posts\/137187\/revisions"}],"predecessor-version":[{"id":137188,"href":"https:\/\/www.elsindical.com.ar\/notas\/wp-json\/wp\/v2\/posts\/137187\/revisions\/137188"}],"wp:featuredmedia":[{"embeddable":true,"href":"https:\/\/www.elsindical.com.ar\/notas\/wp-json\/wp\/v2\/media\/136714"}],"wp:attachment":[{"href":"https:\/\/www.elsindical.com.ar\/notas\/wp-json\/wp\/v2\/media?parent=137187"}],"wp:term":[{"taxonomy":"category","embeddable":true,"href":"https:\/\/www.elsindical.com.ar\/notas\/wp-json\/wp\/v2\/categories?post=137187"},{"taxonomy":"post_tag","embeddable":true,"href":"https:\/\/www.elsindical.com.ar\/notas\/wp-json\/wp\/v2\/tags?post=137187"}],"curies":[{"name":"wp","href":"https:\/\/api.w.org\/{rel}","templated":true}]}}