{"id":137163,"date":"2025-04-14T13:10:09","date_gmt":"2025-04-14T16:10:09","guid":{"rendered":"https:\/\/www.elsindical.com.ar\/notas\/?p=137163"},"modified":"2025-04-14T13:10:13","modified_gmt":"2025-04-14T16:10:13","slug":"arca-elimino-percepciones-para-la-compra-de-dolares","status":"publish","type":"post","link":"https:\/\/www.elsindical.com.ar\/notas\/arca-elimino-percepciones-para-la-compra-de-dolares\/","title":{"rendered":"ARCA elimin\u00f3 percepciones para la compra de d\u00f3lares"},"content":{"rendered":"<div class=\"wp-block-image\">\n<figure class=\"aligncenter size-full\"><a href=\"https:\/\/www.elsindical.com.ar\/notas\/var\/www\/html\/notas\/wp-content\/uploads\/2021\/01\/dolares-compra-limite.jpg\"><img loading=\"lazy\" decoding=\"async\" width=\"678\" height=\"381\" src=\"https:\/\/www.elsindical.com.ar\/notas\/var\/www\/html\/notas\/wp-content\/uploads\/2021\/01\/dolares-compra-limite.jpg\" alt=\"\" class=\"wp-image-101434\" srcset=\"https:\/\/www.elsindical.com.ar\/notas\/var\/www\/html\/notas\/wp-content\/uploads\/2021\/01\/dolares-compra-limite.jpg 678w, https:\/\/www.elsindical.com.ar\/notas\/var\/www\/html\/notas\/wp-content\/uploads\/2021\/01\/dolares-compra-limite-300x169.jpg 300w, https:\/\/www.elsindical.com.ar\/notas\/var\/www\/html\/notas\/wp-content\/uploads\/2021\/01\/dolares-compra-limite-500x281.jpg 500w\" sizes=\"auto, (max-width: 678px) 100vw, 678px\" \/><\/a><\/figure>\n<\/div>\n\n\n<p class=\"wp-block-paragraph\">A partir de hoy, no se pagar\u00e1 el 30% del Impuesto a las Ganancias o Bienes Personales para la compra de d\u00f3lares.<\/p>\n\n\n\n<p class=\"wp-block-paragraph\">La Agencia de Recaudaci\u00f3n y Control Aduanero (ARCA) anunci\u00f3 la\u00a0<strong>eliminaci\u00f3n del r\u00e9gimen de percepciones de los impuestos a las Ganancias y sobre los Bienes Personales sobre la compra del d\u00f3lar y otras divisas.<\/strong><\/p>\n\n\n\n<p class=\"wp-block-paragraph\">La medida, dispuesta por el Gobierno, se formaliz\u00f3 a trav\u00e9s de la Resoluci\u00f3n General 5672\/25, publicada en el Bolet\u00edn Oficial.<\/p>\n\n\n\n<p class=\"wp-block-paragraph\">Seg\u00fan el comunicado de ARCA, <strong>esta modificaci\u00f3n<\/strong>&nbsp;<strong>aplica para la \u201ccompra de divisas a cargo de personas humanas para atesoramiento o destino espec\u00edfico\u201d.<\/strong><\/p>\n\n\n\n<p class=\"wp-block-paragraph\">De esta manera, \u201c<strong>ya no se aplicar\u00e1 el cobro a cuenta del 30% de impuestos<\/strong>&nbsp;sobre la compra de divisas a cargo de personas humanas para atesoramiento, pudiendo acceder a trav\u00e9s de las entidades habilitadas por el Banco Central a la compra de divisas sin ning\u00fan tipo de restricci\u00f3n ni retenci\u00f3n por parte de ARCA\u201d.<\/p>\n\n\n\n<p class=\"wp-block-paragraph\">Sin embargo, ARCA aclar\u00f3 que <strong>las compras en d\u00f3lares en el exterior contin\u00faan alcanzadas por la percepci\u00f3n del Impuesto a las Ganancias o sobre los Bienes Personales<\/strong>, dependiendo del tipo de contribuyente y la operaci\u00f3n.&nbsp;<\/p>\n","protected":false},"excerpt":{"rendered":"<p>A partir de hoy, no se pagar\u00e1 el 30% del Impuesto a las Ganancias o Bienes Personales para la compra de d\u00f3lares. La Agencia de Recaudaci\u00f3n y Control Aduanero (ARCA) anunci\u00f3 la\u00a0eliminaci\u00f3n del r\u00e9gimen de percepciones de los impuestos a las Ganancias y sobre los Bienes Personales sobre la compra del d\u00f3lar y otras divisas.&hellip;<\/p>\n","protected":false},"author":1,"featured_media":101434,"comment_status":"open","ping_status":"open","sticky":false,"template":"","format":"standard","meta":{"footnotes":""},"categories":[9],"tags":[43924,2450,22023,45030],"class_list":["post-137163","post","type-post","status-publish","format-standard","has-post-thumbnail","hentry","category-economia","tag-arca","tag-diario-el-sindical","tag-economia","tag-percepciones-compra-de-dolares"],"_links":{"self":[{"href":"https:\/\/www.elsindical.com.ar\/notas\/wp-json\/wp\/v2\/posts\/137163","targetHints":{"allow":["GET"]}}],"collection":[{"href":"https:\/\/www.elsindical.com.ar\/notas\/wp-json\/wp\/v2\/posts"}],"about":[{"href":"https:\/\/www.elsindical.com.ar\/notas\/wp-json\/wp\/v2\/types\/post"}],"author":[{"embeddable":true,"href":"https:\/\/www.elsindical.com.ar\/notas\/wp-json\/wp\/v2\/users\/1"}],"replies":[{"embeddable":true,"href":"https:\/\/www.elsindical.com.ar\/notas\/wp-json\/wp\/v2\/comments?post=137163"}],"version-history":[{"count":1,"href":"https:\/\/www.elsindical.com.ar\/notas\/wp-json\/wp\/v2\/posts\/137163\/revisions"}],"predecessor-version":[{"id":137164,"href":"https:\/\/www.elsindical.com.ar\/notas\/wp-json\/wp\/v2\/posts\/137163\/revisions\/137164"}],"wp:featuredmedia":[{"embeddable":true,"href":"https:\/\/www.elsindical.com.ar\/notas\/wp-json\/wp\/v2\/media\/101434"}],"wp:attachment":[{"href":"https:\/\/www.elsindical.com.ar\/notas\/wp-json\/wp\/v2\/media?parent=137163"}],"wp:term":[{"taxonomy":"category","embeddable":true,"href":"https:\/\/www.elsindical.com.ar\/notas\/wp-json\/wp\/v2\/categories?post=137163"},{"taxonomy":"post_tag","embeddable":true,"href":"https:\/\/www.elsindical.com.ar\/notas\/wp-json\/wp\/v2\/tags?post=137163"}],"curies":[{"name":"wp","href":"https:\/\/api.w.org\/{rel}","templated":true}]}}