{"id":13716,"date":"2011-04-21T09:55:55","date_gmt":"2011-04-21T12:55:55","guid":{"rendered":"http:\/\/www.elsindical.com.ar\/notas\/?p=13716"},"modified":"2011-04-21T09:55:55","modified_gmt":"2011-04-21T12:55:55","slug":"encontraron-con-vida-al-testigo-de-un-crimen-de-la-dictadura-desaparecido","status":"publish","type":"post","link":"https:\/\/www.elsindical.com.ar\/notas\/encontraron-con-vida-al-testigo-de-un-crimen-de-la-dictadura-desaparecido\/","title":{"rendered":"Encontraron con vida al testigo de un crimen de la dictadura desaparecido"},"content":{"rendered":"<p style=\"text-align: justify;\"><em><a href=\"http:\/\/www.elsindical.com.ar\/notas\/var\/www\/html\/notas\/wp-content\/uploads\/2011\/04\/Nilda-Garr\u00e9-y-V\u00edctor-Mart\u00edn.jpg\"><img loading=\"lazy\" decoding=\"async\" class=\"alignleft size-medium wp-image-13717\" title=\"Nilda-Garr\u00e9-y-V\u00edctor-Mart\u00edn\" src=\"http:\/\/www.elsindical.com.ar\/notas\/var\/www\/html\/notas\/wp-content\/uploads\/2011\/04\/Nilda-Garr\u00e9-y-V\u00edctor-Mart\u00edn-300x225.jpg\" alt=\"\" width=\"300\" height=\"225\" srcset=\"https:\/\/www.elsindical.com.ar\/notas\/var\/www\/html\/notas\/wp-content\/uploads\/2011\/04\/Nilda-Garr\u00e9-y-V\u00edctor-Mart\u00edn-300x225.jpg 300w, https:\/\/www.elsindical.com.ar\/notas\/var\/www\/html\/notas\/wp-content\/uploads\/2011\/04\/Nilda-Garr\u00e9-y-V\u00edctor-Mart\u00edn.jpg 325w\" sizes=\"auto, (max-width: 300px) 100vw, 300px\" \/><\/a>Sus familiares hab\u00edan perdido\u00a0su\u00a0rastro <strong>desde hac\u00eda tres d\u00edas.<\/strong> Tras un intenso operativo organizado por el gobierno nacional, encontraron anoche a<strong>V\u00edctor Oscar Mart\u00ednez<\/strong>, seg\u00fan confirm\u00f3 la ministr\u00e1 Garr\u00e9 a trav\u00e9s de su cuenta de twitter.<\/em><\/p>\n<p style=\"text-align: justify;\">V\u00edctor Omar Mart\u00ednez hab\u00eda declarado en el juicio que investiga la muerte del obispo Ponce de Le\u00f3n ocurrida durante la dictadura.<\/p>\n<p style=\"text-align: justify;\">Ayer, el Gobierno hab\u00eda pedido la colaboraci\u00f3n de la ciudadan\u00eda para encontrar al testigo, de\u00a052 a\u00f1os, <strong>ante el temor de que se trate de un nuevo \u00abcaso L\u00f3pez\u00bb.\u00a0<\/strong><\/p>\n<p style=\"text-align: justify;\"><strong>Sin embargo, anoche, <\/strong>la ministra de Seguridad, Nilda Garr\u00e9, a trav\u00e9s de su cuenta oficial de <em>twitter<\/em>, confirm\u00f3 la aparici\u00f3n de Mart\u00ednez<em>.<\/em><\/p>\n<p style=\"text-align: justify;\">La noticia tambi\u00e9n fue ratificada\u00a0 por fuentes de la <strong>Comisar\u00eda 11<\/strong>, de Caballito. Garr\u00e9, adem\u00e1s, indic\u00f3 que un m\u00e9dico legista evaluar\u00e1 el estado del testigo.<\/p>\n<p style=\"text-align: justify;\">Mart\u00ednez hab\u00eda sido visto por \u00faltima vez el lunes pasado a las 14:00 hs., cuando sali\u00f3 de su casa del barrio porte\u00f1o de Palermo hacia una escriban\u00eda a la que nunca lleg\u00f3, seg\u00fan denunci\u00f3 la familia.<\/p>\n<p style=\"text-align: justify;\">La presidente <strong>Cristina Kirchner orden\u00f3 que todas las fuerzas de seguridad trabajaran para localizarlo, seg\u00fan inform\u00f3 ayer el ministro de Justicia, Julio Alak<\/strong>, en una conferencia de prensa en la que distribuy\u00f3 una fotograf\u00eda del testigo y pidi\u00f3 colaboraci\u00f3n de la poblaci\u00f3n.<\/p>\n<p style=\"text-align: justify;\"><strong>Garr\u00e9, por su parte, hab\u00eda ordenado la creaci\u00f3n de una divisi\u00f3n especial integrada por la Superintendencia de Interior y Delitos Federales Complejos<\/strong> para investigar la desaparici\u00f3n y habilit\u00f3 una l\u00ednea telef\u00f3nica especial para recibir informaci\u00f3n: 0800 555 5065.<\/p>\n<p style=\"text-align: justify;\">Ponce de Le\u00f3n muri\u00f3 en circunstancias sospechosas en un supuesto accidente automovil\u00edstico el 11 de julio de 1977, en plena Dictadura, cerca de la ciudad bonaerense de Ramallo.<\/p>\n<p style=\"text-align: justify;\">En la investigaci\u00f3n por la muerte, en la cual Mart\u00ednez declar\u00f3 como testigo, el principal imputado es el ex Teniente Coronel Manuel Fernando Saint Amant, procesado en varias causas de desaparici\u00f3n de personas.<\/p>\n","protected":false},"excerpt":{"rendered":"<p>Sus familiares hab\u00edan perdido\u00a0su\u00a0rastro desde hac\u00eda tres d\u00edas. Tras un intenso operativo organizado por el gobierno nacional, encontraron anoche aV\u00edctor Oscar Mart\u00ednez, seg\u00fan confirm\u00f3 la ministr\u00e1 Garr\u00e9 a trav\u00e9s de su cuenta de twitter. V\u00edctor Omar Mart\u00ednez hab\u00eda declarado en el juicio que investiga la muerte del obispo Ponce de Le\u00f3n ocurrida durante la dictadura.&hellip;<\/p>\n","protected":false},"author":1,"featured_media":0,"comment_status":"open","ping_status":"open","sticky":false,"template":"","format":"standard","meta":{"footnotes":""},"categories":[22],"tags":[2385,5366,1188,1624,6570],"class_list":["post-13716","post","type-post","status-publish","format-standard","hentry","category-policiales","tag-desaparecido","tag-nilda-garre","tag-testigo","tag-twitter","tag-victor-oscar-martinez"],"_links":{"self":[{"href":"https:\/\/www.elsindical.com.ar\/notas\/wp-json\/wp\/v2\/posts\/13716","targetHints":{"allow":["GET"]}}],"collection":[{"href":"https:\/\/www.elsindical.com.ar\/notas\/wp-json\/wp\/v2\/posts"}],"about":[{"href":"https:\/\/www.elsindical.com.ar\/notas\/wp-json\/wp\/v2\/types\/post"}],"author":[{"embeddable":true,"href":"https:\/\/www.elsindical.com.ar\/notas\/wp-json\/wp\/v2\/users\/1"}],"replies":[{"embeddable":true,"href":"https:\/\/www.elsindical.com.ar\/notas\/wp-json\/wp\/v2\/comments?post=13716"}],"version-history":[{"count":1,"href":"https:\/\/www.elsindical.com.ar\/notas\/wp-json\/wp\/v2\/posts\/13716\/revisions"}],"predecessor-version":[{"id":13718,"href":"https:\/\/www.elsindical.com.ar\/notas\/wp-json\/wp\/v2\/posts\/13716\/revisions\/13718"}],"wp:attachment":[{"href":"https:\/\/www.elsindical.com.ar\/notas\/wp-json\/wp\/v2\/media?parent=13716"}],"wp:term":[{"taxonomy":"category","embeddable":true,"href":"https:\/\/www.elsindical.com.ar\/notas\/wp-json\/wp\/v2\/categories?post=13716"},{"taxonomy":"post_tag","embeddable":true,"href":"https:\/\/www.elsindical.com.ar\/notas\/wp-json\/wp\/v2\/tags?post=13716"}],"curies":[{"name":"wp","href":"https:\/\/api.w.org\/{rel}","templated":true}]}}