{"id":137077,"date":"2025-04-08T18:57:36","date_gmt":"2025-04-08T21:57:36","guid":{"rendered":"https:\/\/www.elsindical.com.ar\/notas\/?p=137077"},"modified":"2025-04-08T18:57:41","modified_gmt":"2025-04-08T21:57:41","slug":"diputados-aprobo-la-creacion-de-una-comision-investigadora-por-el-caso-libra","status":"publish","type":"post","link":"https:\/\/www.elsindical.com.ar\/notas\/diputados-aprobo-la-creacion-de-una-comision-investigadora-por-el-caso-libra\/","title":{"rendered":"Diputados aprob\u00f3 la creaci\u00f3n de una comisi\u00f3n investigadora por el caso $LIBRA"},"content":{"rendered":"\n<figure class=\"wp-block-image size-large\"><a href=\"https:\/\/www.elsindical.com.ar\/notas\/var\/www\/html\/notas\/wp-content\/uploads\/2025\/04\/Milei-LIBRA.jpg\"><img loading=\"lazy\" decoding=\"async\" width=\"1024\" height=\"576\" src=\"https:\/\/www.elsindical.com.ar\/notas\/var\/www\/html\/notas\/wp-content\/uploads\/2025\/04\/Milei-LIBRA-1024x576.jpg\" alt=\"\" class=\"wp-image-137078\" srcset=\"https:\/\/www.elsindical.com.ar\/notas\/var\/www\/html\/notas\/wp-content\/uploads\/2025\/04\/Milei-LIBRA-1024x576.jpg 1024w, https:\/\/www.elsindical.com.ar\/notas\/var\/www\/html\/notas\/wp-content\/uploads\/2025\/04\/Milei-LIBRA-300x169.jpg 300w, https:\/\/www.elsindical.com.ar\/notas\/var\/www\/html\/notas\/wp-content\/uploads\/2025\/04\/Milei-LIBRA-768x432.jpg 768w, https:\/\/www.elsindical.com.ar\/notas\/var\/www\/html\/notas\/wp-content\/uploads\/2025\/04\/Milei-LIBRA-460x260.jpg 460w, https:\/\/www.elsindical.com.ar\/notas\/var\/www\/html\/notas\/wp-content\/uploads\/2025\/04\/Milei-LIBRA.jpg 1280w\" sizes=\"auto, (max-width: 1024px) 100vw, 1024px\" \/><\/a><\/figure>\n\n\n\n<p class=\"wp-block-paragraph\">La votaci\u00f3n fue respaldada por 128 votos a favor, 93 en contra y 7 abstenciones. \u00a0<\/p>\n\n\n\n<p class=\"wp-block-paragraph\">La <strong>C\u00e1mara de Diputados de Argentina<\/strong> aprob\u00f3 este martes la creaci\u00f3n de una comisi\u00f3n investigadora para esclarecer las responsabilidades en la presunta estafa relacionada con la criptomoneda $LIBRA, que involucra al presidente Javier Milei. La votaci\u00f3n fue respaldada por 128 votos a favor, 93 en contra y 7 abstenciones. \u00a0<\/p>\n\n\n\n<p class=\"wp-block-paragraph\">La comisi\u00f3n especial se constituir\u00e1 formalmente el pr\u00f3ximo 23 de abril, momento en el cual se designar\u00e1n sus autoridades y se establecer\u00e1 su plan de trabajo. Este desarrollo representa un rev\u00e9s pol\u00edtico para el Gobierno, ya que pone <strong>bajo escrutinio p\u00fablico y legislativo las acciones del presidente en relaci\u00f3n con la promoci\u00f3n de la criptomoneda mencionada.<\/strong><\/p>\n\n\n\n<p class=\"wp-block-paragraph\">La creaci\u00f3n de esta comisi\u00f3n surge en un contexto donde diversos bloques opositores hab\u00edan solicitado una sesi\u00f3n especial para debatir el tema, evidenciando la preocupaci\u00f3n y el inter\u00e9s por parte de la oposici\u00f3n en investigar posibles irregularidades y determinar eventuales responsabilidades pol\u00edticas y legales. &nbsp;<\/p>\n\n\n\n<p class=\"wp-block-paragraph\">Se espera que la comisi\u00f3n investigadora convoque a funcionarios, expertos y otros actores relevantes para recabar informaci\u00f3n y esclarecer los hechos relacionados con la presunta estafa de la criptomoneda $LIBRA. Este proceso podr\u00eda tener implicaciones significativas en el \u00e1mbito pol\u00edtico y financiero del pa\u00eds.&nbsp;<\/p>\n","protected":false},"excerpt":{"rendered":"<p>La votaci\u00f3n fue respaldada por 128 votos a favor, 93 en contra y 7 abstenciones. \u00a0 La C\u00e1mara de Diputados de Argentina aprob\u00f3 este martes la creaci\u00f3n de una comisi\u00f3n investigadora para esclarecer las responsabilidades en la presunta estafa relacionada con la criptomoneda $LIBRA, que involucra al presidente Javier Milei. La votaci\u00f3n fue respaldada por&hellip;<\/p>\n","protected":false},"author":1,"featured_media":137078,"comment_status":"open","ping_status":"open","sticky":false,"template":"","format":"standard","meta":{"footnotes":""},"categories":[13],"tags":[44724,18798,3931,2450,28812],"class_list":["post-137077","post","type-post","status-publish","format-standard","has-post-thumbnail","hentry","category-politica","tag-libra-2","tag-camara-de-diputados-de-la-nacion","tag-comision-investigadora","tag-diario-el-sindical","tag-javier-milei"],"_links":{"self":[{"href":"https:\/\/www.elsindical.com.ar\/notas\/wp-json\/wp\/v2\/posts\/137077","targetHints":{"allow":["GET"]}}],"collection":[{"href":"https:\/\/www.elsindical.com.ar\/notas\/wp-json\/wp\/v2\/posts"}],"about":[{"href":"https:\/\/www.elsindical.com.ar\/notas\/wp-json\/wp\/v2\/types\/post"}],"author":[{"embeddable":true,"href":"https:\/\/www.elsindical.com.ar\/notas\/wp-json\/wp\/v2\/users\/1"}],"replies":[{"embeddable":true,"href":"https:\/\/www.elsindical.com.ar\/notas\/wp-json\/wp\/v2\/comments?post=137077"}],"version-history":[{"count":1,"href":"https:\/\/www.elsindical.com.ar\/notas\/wp-json\/wp\/v2\/posts\/137077\/revisions"}],"predecessor-version":[{"id":137079,"href":"https:\/\/www.elsindical.com.ar\/notas\/wp-json\/wp\/v2\/posts\/137077\/revisions\/137079"}],"wp:featuredmedia":[{"embeddable":true,"href":"https:\/\/www.elsindical.com.ar\/notas\/wp-json\/wp\/v2\/media\/137078"}],"wp:attachment":[{"href":"https:\/\/www.elsindical.com.ar\/notas\/wp-json\/wp\/v2\/media?parent=137077"}],"wp:term":[{"taxonomy":"category","embeddable":true,"href":"https:\/\/www.elsindical.com.ar\/notas\/wp-json\/wp\/v2\/categories?post=137077"},{"taxonomy":"post_tag","embeddable":true,"href":"https:\/\/www.elsindical.com.ar\/notas\/wp-json\/wp\/v2\/tags?post=137077"}],"curies":[{"name":"wp","href":"https:\/\/api.w.org\/{rel}","templated":true}]}}