{"id":137024,"date":"2025-04-06T13:37:40","date_gmt":"2025-04-06T16:37:40","guid":{"rendered":"https:\/\/www.elsindical.com.ar\/notas\/?p=137024"},"modified":"2025-04-06T13:37:47","modified_gmt":"2025-04-06T16:37:47","slug":"lanus-joven-herido-de-bala","status":"publish","type":"post","link":"https:\/\/www.elsindical.com.ar\/notas\/lanus-joven-herido-de-bala\/","title":{"rendered":"Lan\u00fas: Joven herido de bala"},"content":{"rendered":"<div class=\"wp-block-image\">\n<figure class=\"aligncenter size-full is-resized\"><a href=\"https:\/\/www.elsindical.com.ar\/notas\/var\/www\/html\/notas\/wp-content\/uploads\/2025\/04\/Yrigoyen-y-Colombia.jpg\"><img loading=\"lazy\" decoding=\"async\" width=\"750\" height=\"432\" src=\"https:\/\/www.elsindical.com.ar\/notas\/var\/www\/html\/notas\/wp-content\/uploads\/2025\/04\/Yrigoyen-y-Colombia.jpg\" alt=\"\" class=\"wp-image-137025\" style=\"width:800px;height:auto\" srcset=\"https:\/\/www.elsindical.com.ar\/notas\/var\/www\/html\/notas\/wp-content\/uploads\/2025\/04\/Yrigoyen-y-Colombia.jpg 750w, https:\/\/www.elsindical.com.ar\/notas\/var\/www\/html\/notas\/wp-content\/uploads\/2025\/04\/Yrigoyen-y-Colombia-300x173.jpg 300w, https:\/\/www.elsindical.com.ar\/notas\/var\/www\/html\/notas\/wp-content\/uploads\/2025\/04\/Yrigoyen-y-Colombia-220x126.jpg 220w\" sizes=\"auto, (max-width: 750px) 100vw, 750px\" \/><\/a><\/figure>\n<\/div>\n\n\n<p>El hecho ocurri\u00f3 en la intersecci\u00f3n de Avenida Hip\u00f3lito Yrigoyen y Colombia, cuando un efectivo de la Polic\u00eda de la Ciudad de Buenos Aires se tirote\u00f3 con dos motochorros que intentaban robarle la moto.<\/p>\n\n\n\n<p>Un joven que sal\u00eda de un boliche de Lan\u00fas fue herido por una bala perdida proveniente de un tiroteo protagonizado por un efectivo de la Polic\u00eda de la Ciudad de Buenos Aires,&nbsp;que estaba de civil y de licencia, y dos motochorros que intentaban robarle su moto.<\/p>\n\n\n\n<p>El sangriento hecho ocurri\u00f3 en la madrugada de este viernes en la intersecci\u00f3n de Avenida Hip\u00f3lito Yrigoyen y Colombia y&nbsp;comenz\u00f3 cuando el uniformado, de jerarqu\u00eda Oficial Mayor y que se desempe\u00f1a en la Comisar\u00eda Vecinal Primera, fue abordado por los sujetos armados, cuyas intenciones era sacarle el rodado.<\/p>\n\n\n\n<p>El efectivo se resisti\u00f3 y se desencaden\u00f3 el tiroteo que oblig\u00f3 a los asaltantes a huir del lugar.&nbsp;Sin embargo, un joven que egres\u00f3 de un boliche de la zona result\u00f3 alcanzado con un proyectil que le hiri\u00f3 el pie derecho, precisamente en el tal\u00f3n.<\/p>\n\n\n\n<p>R\u00e1pidamente, el joven lesionado recibi\u00f3 la atenci\u00f3n del SAME y lo trasladaron al Hospital Evita,&nbsp;donde permanece fuera de peligro; mientras que el agente termin\u00f3 ileso.<\/p>\n\n\n\n<p>La Unidad Funcional de Instrucci\u00f3n y Juicio n\u00famero 5 de Lan\u00fas intervino en la causa y&nbsp;orden\u00f3 el secuestro del arma del efectivo y la declaraci\u00f3n del herido, entre otras medidas bajo la premisa de esclarecer lo ocurrido en las \u00faltimas horas.<\/p>\n\n\n\n<p>Asimismo, los peritos trabajaron en el lugar junto a los efectivos de la Comisar\u00eda Primera de Lan\u00fas en la escena del hecho; mientras que los investigadores analizan c\u00e1maras de vigilancia para dar con los delincuentes que protagonizaron el intercambio de disparos y que intentaron sustraer al motocicleta con la que se trasladaba el polic\u00eda de la Ciudad.<\/p>\n","protected":false},"excerpt":{"rendered":"<p>El hecho ocurri\u00f3 en la intersecci\u00f3n de Avenida Hip\u00f3lito Yrigoyen y Colombia, cuando un efectivo de la Polic\u00eda de la Ciudad de Buenos Aires se tirote\u00f3 con dos motochorros que intentaban robarle la moto. Un joven que sal\u00eda de un boliche de Lan\u00fas fue herido por una bala perdida proveniente de un tiroteo protagonizado por&hellip;<\/p>\n","protected":false},"author":1,"featured_media":137025,"comment_status":"open","ping_status":"open","sticky":false,"template":"","format":"standard","meta":{"footnotes":""},"categories":[22],"tags":[2450,44996,984,39958,209,308,24537,238],"class_list":["post-137024","post","type-post","status-publish","format-standard","has-post-thumbnail","hentry","category-policiales","tag-diario-el-sindical","tag-herido-de-bala","tag-inseguridad","tag-julian-alvarez-2","tag-lanus","tag-motochorros","tag-policia-de-la-ciudad","tag-tiroteo"],"_links":{"self":[{"href":"https:\/\/www.elsindical.com.ar\/notas\/wp-json\/wp\/v2\/posts\/137024","targetHints":{"allow":["GET"]}}],"collection":[{"href":"https:\/\/www.elsindical.com.ar\/notas\/wp-json\/wp\/v2\/posts"}],"about":[{"href":"https:\/\/www.elsindical.com.ar\/notas\/wp-json\/wp\/v2\/types\/post"}],"author":[{"embeddable":true,"href":"https:\/\/www.elsindical.com.ar\/notas\/wp-json\/wp\/v2\/users\/1"}],"replies":[{"embeddable":true,"href":"https:\/\/www.elsindical.com.ar\/notas\/wp-json\/wp\/v2\/comments?post=137024"}],"version-history":[{"count":1,"href":"https:\/\/www.elsindical.com.ar\/notas\/wp-json\/wp\/v2\/posts\/137024\/revisions"}],"predecessor-version":[{"id":137026,"href":"https:\/\/www.elsindical.com.ar\/notas\/wp-json\/wp\/v2\/posts\/137024\/revisions\/137026"}],"wp:featuredmedia":[{"embeddable":true,"href":"https:\/\/www.elsindical.com.ar\/notas\/wp-json\/wp\/v2\/media\/137025"}],"wp:attachment":[{"href":"https:\/\/www.elsindical.com.ar\/notas\/wp-json\/wp\/v2\/media?parent=137024"}],"wp:term":[{"taxonomy":"category","embeddable":true,"href":"https:\/\/www.elsindical.com.ar\/notas\/wp-json\/wp\/v2\/categories?post=137024"},{"taxonomy":"post_tag","embeddable":true,"href":"https:\/\/www.elsindical.com.ar\/notas\/wp-json\/wp\/v2\/tags?post=137024"}],"curies":[{"name":"wp","href":"https:\/\/api.w.org\/{rel}","templated":true}]}}