{"id":13702,"date":"2011-04-21T01:17:44","date_gmt":"2011-04-21T04:17:44","guid":{"rendered":"http:\/\/www.elsindical.com.ar\/notas\/?p=13702"},"modified":"2011-04-21T01:24:22","modified_gmt":"2011-04-21T04:24:22","slug":"el-ministerio-de-seguridad-de-la-nacion-dispuso-medidas-especiales-por-el-paradero-de-victor-hugo-martinez","status":"publish","type":"post","link":"https:\/\/www.elsindical.com.ar\/notas\/el-ministerio-de-seguridad-de-la-nacion-dispuso-medidas-especiales-por-el-paradero-de-victor-hugo-martinez\/","title":{"rendered":"El Ministerio de Seguridad de la Naci\u00f3n dispuso medidas especiales por el paradero de V\u00edctor Oscar Mart\u00ednez"},"content":{"rendered":"<p style=\"text-align: justify;\"><a href=\"http:\/\/www.elsindical.com.ar\/notas\/var\/www\/html\/notas\/wp-content\/uploads\/2011\/04\/Obispo-Carlos-Ponce-de-Le\u00f3n.jpg\"><img loading=\"lazy\" decoding=\"async\" class=\"alignleft size-medium wp-image-13703\" title=\"Obispo-Carlos-Ponce-de-Le\u00f3n\" src=\"http:\/\/www.elsindical.com.ar\/notas\/var\/www\/html\/notas\/wp-content\/uploads\/2011\/04\/Obispo-Carlos-Ponce-de-Le\u00f3n-265x300.jpg\" alt=\"\" width=\"265\" height=\"300\" srcset=\"https:\/\/www.elsindical.com.ar\/notas\/var\/www\/html\/notas\/wp-content\/uploads\/2011\/04\/Obispo-Carlos-Ponce-de-Le\u00f3n-265x300.jpg 265w, https:\/\/www.elsindical.com.ar\/notas\/var\/www\/html\/notas\/wp-content\/uploads\/2011\/04\/Obispo-Carlos-Ponce-de-Le\u00f3n.jpg 295w\" sizes=\"auto, (max-width: 265px) 100vw, 265px\" \/><\/a>El Ministerio de Seguridad dispuso la creaci\u00f3n de una divisi\u00f3n especial integrada por personal de la Superintendencia de Interior y Delitos Federales Complejos para investigar la desaparici\u00f3n de V\u00edctor\u00a0Oscar Mart\u00ednez, testigo en el juicio en el que se investiga la muerte del Obispo Carlos Ponce de Le\u00f3n durante la \u00faltima dictadura.<\/p>\n<p>Ponce de Le\u00f3n muri\u00f3 en circunstancias sospechosas, en un supuesto accidente automovil\u00edstico el 11 de julio de 1977.<\/p>\n<p>En la investigaci\u00f3n por la muerte, en la cual Mart\u00ednez declar\u00f3 como testigo, el principal imputado es el ex teniente coronel Manuel Fernando Saint Amant, procesado en varias causas de desaparici\u00f3n forzada de personas.<\/p>\n<p>Mart\u00ednez tiene una causa judicial por falso testimonio que le iniciara el juez federal de San Nicol\u00e1s, Carlos Villafuerte Ruzo, que investiga la muerte de Ponce de Le\u00f3n.<\/p>\n<p>En la jornada de ayer, martes 19 de abril, funcionarios del ministerio tomaron contacto con la familia del testigo, su abogada Mar\u00eda Gabriela Scopel, el fiscal de la causa Juan Patricio Murray y con Valeria Campolongo,<br \/>\nque present\u00f3 el habeas corpus.<\/p>\n<p>Adem\u00e1s, el Ministerio mantiene contacto permanente con y est\u00e1 asistiendo a la familia en este momento.<\/p>\n<p>Ante la denuncia recibida en\u00a0 la Comisar\u00eda 25 se pusieron en marcha las siguientes medidas:<\/p>\n<p>&#8211;\u00a0\u00a0\u00a0\u00a0\u00a0\u00a0\u00a0\u00a0 Se recibi\u00f3 declaraci\u00f3n testimonial a la esposa y tambi\u00e9n a la secretaria de Mart\u00ednez, que fue la \u00faltima persona que lo vio al retirarse de su oficina.<\/p>\n<p>&#8211;\u00a0\u00a0\u00a0\u00a0\u00a0\u00a0\u00a0\u00a0 Se dio intervenci\u00f3n al Centro de Orientaci\u00f3n a las Personas (COP) de la Polic\u00eda Federal Argentina (PFA) que recoge las solicitudes de paradero de personas y las transmite a todas las dependencias policiales.<\/p>\n<p>&#8211;\u00a0\u00a0\u00a0\u00a0\u00a0\u00a0\u00a0\u00a0 Se solicit\u00f3 a la repartici\u00f3n \u201cApoyo Tecnol\u00f3gico\u201d de la PFA el registro de las llamadas que se realizaron desde y a los n\u00fameros particulares y de su oficina durante los \u00faltimos 3 d\u00edas. Tambi\u00e9n se solicitaron las celdas de activaci\u00f3n del celular de Mart\u00ednez durante ese tiempo, ya que las posteriores a su desaparici\u00f3n no pod\u00edan investigarse porque no sali\u00f3 de su oficina con el celular.<\/p>\n<p>&#8211;\u00a0\u00a0\u00a0\u00a0\u00a0\u00a0\u00a0\u00a0 Tambi\u00e9n se dio intervenci\u00f3n a la divisi\u00f3n \u201cB\u00fasqueda de Personas\u201d de la Polic\u00eda Federal, que recorri\u00f3 los hospitales y morgue y lleva adelante la investigaci\u00f3n operativa, en contacto con la fiscal\u00eda interviniente.<\/p>\n<p style=\"text-align: justify;\">Adem\u00e1s se analizan las filmaciones de las c\u00e1maras de seguridad de la Divisi\u00f3n Subterr\u00e1neos ya que por el recorrido que deb\u00eda realizar Mart\u00ednez, podr\u00eda haber utilizado ese medio de transporte, cuando sali\u00f3 de su casa del barrio porte\u00f1o de Palermo el lunes a las 14hs para concurrir a una escriban\u00eda a la que nunca lleg\u00f3.<\/p>\n<p>En la causa interviene el juzgado de instrucci\u00f3n 12 secretaria 137, la Fiscal\u00eda 29.<\/p>\n<p style=\"text-align: justify;\">*MINISTERIO DE SEGURIDAD*<br \/>\nDIRECCI\u00d3N DE COMUNICACI\u00d3N<br \/>\nAv. Gral. Gelly y Obes 2289 &#8211; (1425) CABA<br \/>\nTel.: (54-11) 4809-1619\/1569\/1518\/1529<\/p>\n","protected":false},"excerpt":{"rendered":"<p>El Ministerio de Seguridad dispuso la creaci\u00f3n de una divisi\u00f3n especial integrada por personal de la Superintendencia de Interior y Delitos Federales Complejos para investigar la desaparici\u00f3n de V\u00edctor\u00a0Oscar Mart\u00ednez, testigo en el juicio en el que se investiga la muerte del Obispo Carlos Ponce de Le\u00f3n durante la \u00faltima dictadura. Ponce de Le\u00f3n muri\u00f3&hellip;<\/p>\n","protected":false},"author":1,"featured_media":0,"comment_status":"open","ping_status":"open","sticky":false,"template":"","format":"standard","meta":{"footnotes":""},"categories":[13],"tags":[6566,5365,6568,1188,6567],"class_list":["post-13702","post","type-post","status-publish","format-standard","hentry","category-politica","tag-desaparicion","tag-ministerio-de-seguridad-nacional","tag-obispo-carlos-ponce-de-leon","tag-testigo","tag-victor-hugo-martinez"],"_links":{"self":[{"href":"https:\/\/www.elsindical.com.ar\/notas\/wp-json\/wp\/v2\/posts\/13702","targetHints":{"allow":["GET"]}}],"collection":[{"href":"https:\/\/www.elsindical.com.ar\/notas\/wp-json\/wp\/v2\/posts"}],"about":[{"href":"https:\/\/www.elsindical.com.ar\/notas\/wp-json\/wp\/v2\/types\/post"}],"author":[{"embeddable":true,"href":"https:\/\/www.elsindical.com.ar\/notas\/wp-json\/wp\/v2\/users\/1"}],"replies":[{"embeddable":true,"href":"https:\/\/www.elsindical.com.ar\/notas\/wp-json\/wp\/v2\/comments?post=13702"}],"version-history":[{"count":3,"href":"https:\/\/www.elsindical.com.ar\/notas\/wp-json\/wp\/v2\/posts\/13702\/revisions"}],"predecessor-version":[{"id":13705,"href":"https:\/\/www.elsindical.com.ar\/notas\/wp-json\/wp\/v2\/posts\/13702\/revisions\/13705"}],"wp:attachment":[{"href":"https:\/\/www.elsindical.com.ar\/notas\/wp-json\/wp\/v2\/media?parent=13702"}],"wp:term":[{"taxonomy":"category","embeddable":true,"href":"https:\/\/www.elsindical.com.ar\/notas\/wp-json\/wp\/v2\/categories?post=13702"},{"taxonomy":"post_tag","embeddable":true,"href":"https:\/\/www.elsindical.com.ar\/notas\/wp-json\/wp\/v2\/tags?post=13702"}],"curies":[{"name":"wp","href":"https:\/\/api.w.org\/{rel}","templated":true}]}}