{"id":13699,"date":"2011-04-21T01:07:20","date_gmt":"2011-04-21T04:07:20","guid":{"rendered":"http:\/\/www.elsindical.com.ar\/notas\/?p=13699"},"modified":"2011-04-21T01:07:20","modified_gmt":"2011-04-21T04:07:20","slug":"por-las-repercusiones-de-la-persecucion-laboral-a-los-trabajadores-de-sony-avellaneda-la-cta-denunciaria-a-la-empresa","status":"publish","type":"post","link":"https:\/\/www.elsindical.com.ar\/notas\/por-las-repercusiones-de-la-persecucion-laboral-a-los-trabajadores-de-sony-avellaneda-la-cta-denunciaria-a-la-empresa\/","title":{"rendered":"Por las repercusiones de la persecuci\u00f3n laboral a los trabajadores de Sony Avellaneda la CTA denunciar\u00eda a la empresa"},"content":{"rendered":"<p><a href=\"http:\/\/www.elsindical.com.ar\/notas\/var\/www\/html\/notas\/wp-content\/uploads\/2011\/04\/Sony-Style-Avellaneda.jpg\"><img loading=\"lazy\" decoding=\"async\" class=\"alignleft size-medium wp-image-13700\" title=\"Sony-Style-Avellaneda\" src=\"http:\/\/www.elsindical.com.ar\/notas\/var\/www\/html\/notas\/wp-content\/uploads\/2011\/04\/Sony-Style-Avellaneda-300x225.jpg\" alt=\"\" width=\"300\" height=\"225\" srcset=\"https:\/\/www.elsindical.com.ar\/notas\/var\/www\/html\/notas\/wp-content\/uploads\/2011\/04\/Sony-Style-Avellaneda-300x225.jpg 300w, https:\/\/www.elsindical.com.ar\/notas\/var\/www\/html\/notas\/wp-content\/uploads\/2011\/04\/Sony-Style-Avellaneda.jpg 325w\" sizes=\"auto, (max-width: 300px) 100vw, 300px\" \/><\/a>Comicado de prensa:<\/p>\n<p>La Central de Trabajadores de la Argentina quiere expresar su solidaridad<br \/>\ncon los trabajadores y trabajadoras de la empresa Sony Style de la Ciudad de<br \/>\nAvellaneda, quienes est\u00e1n siendo objeto de un feroz ataque a la libertad<br \/>\nsindical por parte de su empleador.<\/p>\n<p>Esta Central se pone a disposici\u00f3n de estos compa\u00f1eros y compa\u00f1eras, al<br \/>\nmismo tiempo que no descarta la posibilidad de acudir ante la Organizaci\u00f3n<br \/>\nMundial del Comercio ante este flagrante ataque a la seguridad jur\u00eddica de<br \/>\nlos trabajadores argentinos a quienes pretende negarles el derecho a<br \/>\ntrabajar a cambio de trabajar sin derechos.<\/p>\n<p>Sony debe aceptar las reglas de nuestra sociedad. Si se beneficia de<br \/>\nnuestras leyes debe cumplir con sus obligaciones.<\/p>\n","protected":false},"excerpt":{"rendered":"<p>Comicado de prensa: La Central de Trabajadores de la Argentina quiere expresar su solidaridad con los trabajadores y trabajadoras de la empresa Sony Style de la Ciudad de Avellaneda, quienes est\u00e1n siendo objeto de un feroz ataque a la libertad sindical por parte de su empleador. Esta Central se pone a disposici\u00f3n de estos compa\u00f1eros&hellip;<\/p>\n","protected":false},"author":1,"featured_media":0,"comment_status":"open","ping_status":"open","sticky":false,"template":"","format":"standard","meta":{"footnotes":""},"categories":[16],"tags":[461,2258,184,175,6565,125],"class_list":["post-13699","post","type-post","status-publish","format-standard","hentry","category-gremiales","tag-avellaneda","tag-cierre","tag-cta","tag-denuncia","tag-sony-style","tag-trabajadores"],"_links":{"self":[{"href":"https:\/\/www.elsindical.com.ar\/notas\/wp-json\/wp\/v2\/posts\/13699","targetHints":{"allow":["GET"]}}],"collection":[{"href":"https:\/\/www.elsindical.com.ar\/notas\/wp-json\/wp\/v2\/posts"}],"about":[{"href":"https:\/\/www.elsindical.com.ar\/notas\/wp-json\/wp\/v2\/types\/post"}],"author":[{"embeddable":true,"href":"https:\/\/www.elsindical.com.ar\/notas\/wp-json\/wp\/v2\/users\/1"}],"replies":[{"embeddable":true,"href":"https:\/\/www.elsindical.com.ar\/notas\/wp-json\/wp\/v2\/comments?post=13699"}],"version-history":[{"count":1,"href":"https:\/\/www.elsindical.com.ar\/notas\/wp-json\/wp\/v2\/posts\/13699\/revisions"}],"predecessor-version":[{"id":13701,"href":"https:\/\/www.elsindical.com.ar\/notas\/wp-json\/wp\/v2\/posts\/13699\/revisions\/13701"}],"wp:attachment":[{"href":"https:\/\/www.elsindical.com.ar\/notas\/wp-json\/wp\/v2\/media?parent=13699"}],"wp:term":[{"taxonomy":"category","embeddable":true,"href":"https:\/\/www.elsindical.com.ar\/notas\/wp-json\/wp\/v2\/categories?post=13699"},{"taxonomy":"post_tag","embeddable":true,"href":"https:\/\/www.elsindical.com.ar\/notas\/wp-json\/wp\/v2\/tags?post=13699"}],"curies":[{"name":"wp","href":"https:\/\/api.w.org\/{rel}","templated":true}]}}