{"id":136969,"date":"2025-04-03T11:36:12","date_gmt":"2025-04-03T14:36:12","guid":{"rendered":"https:\/\/www.elsindical.com.ar\/notas\/?p=136969"},"modified":"2025-04-03T11:36:17","modified_gmt":"2025-04-03T14:36:17","slug":"el-gobierno-interviene-corredores-viales-s-a-en-camino-a-su-privatizacion","status":"publish","type":"post","link":"https:\/\/www.elsindical.com.ar\/notas\/el-gobierno-interviene-corredores-viales-s-a-en-camino-a-su-privatizacion\/","title":{"rendered":"El Gobierno interviene Corredores Viales S.A. en camino a su privatizaci\u00f3n"},"content":{"rendered":"<div class=\"wp-block-image\">\n<figure class=\"aligncenter size-full is-resized\"><a href=\"https:\/\/www.elsindical.com.ar\/notas\/var\/www\/html\/notas\/wp-content\/uploads\/2025\/04\/Corredores-Viales.png\"><img loading=\"lazy\" decoding=\"async\" width=\"873\" height=\"565\" src=\"https:\/\/www.elsindical.com.ar\/notas\/var\/www\/html\/notas\/wp-content\/uploads\/2025\/04\/Corredores-Viales.png\" alt=\"\" class=\"wp-image-136970\" style=\"width:721px;height:auto\" srcset=\"https:\/\/www.elsindical.com.ar\/notas\/var\/www\/html\/notas\/wp-content\/uploads\/2025\/04\/Corredores-Viales.png 873w, https:\/\/www.elsindical.com.ar\/notas\/var\/www\/html\/notas\/wp-content\/uploads\/2025\/04\/Corredores-Viales-300x194.png 300w, https:\/\/www.elsindical.com.ar\/notas\/var\/www\/html\/notas\/wp-content\/uploads\/2025\/04\/Corredores-Viales-768x497.png 768w\" sizes=\"auto, (max-width: 873px) 100vw, 873px\" \/><\/a><\/figure>\n<\/div>\n\n\n<p>El proceso concluir\u00e1 con la disoluci\u00f3n y liquidaci\u00f3n de la empresa, una vez adjudicados y perfeccionados los contratos de concesi\u00f3n con las empresas seleccionadas.\u00a0<\/p>\n\n\n\n<p>El Gobierno nacional decidi\u00f3 intervenir la empresa estatal Corredores Viales S.A., encargada de la gesti\u00f3n y mantenimiento de importantes rutas nacionales, como parte de su plan de privatizaci\u00f3n. La medida se formaliz\u00f3 mediante el Decreto 244\/2025, publicado en el Bolet\u00edn Oficial con las firmas del presidente Javier Milei y el ministro de Econom\u00eda, Luis Caputo.&nbsp;<\/p>\n\n\n\n<p>La intervenci\u00f3n responde <strong>a p\u00e9rdidas significativas registradas por la empresa en 2023<\/strong>, incluyendo una deuda con proveedores de $142.000 millones, p\u00e9rdidas acumuladas de $268.000 millones y aportes del Tesoro Nacional por $301.000 millones.<\/p>\n\n\n\n<p>Anastasia Mar\u00eda de los \u00c1ngeles Adem fue designada como interventora y asumir\u00e1 las <strong>funciones del Directorio y su presidencia<\/strong>. Entre sus responsabilidades se encuentran:<\/p>\n\n\n\n<ul class=\"wp-block-list\">\n<li>Realizar auditor\u00edas de gesti\u00f3n al inicio y al final de la intervenci\u00f3n.<\/li>\n\n\n\n<li>Evaluar el estado financiero y operativo de la empresa.<\/li>\n\n\n\n<li>Presentar una rendici\u00f3n de cuentas detallada.<\/li>\n\n\n\n<li>Elaborar un plan de acci\u00f3n para la reformulaci\u00f3n de la empresa, que podr\u00e1 incluir modificaciones al estatuto y deber\u00e1 ser aprobado por el Ministerio de Econom\u00eda.<\/li>\n<\/ul>\n\n\n\n<p>Esta intervenci\u00f3n se enmarca en el Decreto 97\/2025, que autoriz\u00f3 la privatizaci\u00f3n total de Corredores Viales S.A. bajo la modalidad de concesi\u00f3n de obra p\u00fablica por peaje. El proceso concluir\u00e1 con la disoluci\u00f3n y liquidaci\u00f3n de la empresa, una vez adjudicados y perfeccionados los contratos de concesi\u00f3n con las empresas seleccionadas.&nbsp;<\/p>\n\n\n\n<p>El vocero presidencial, Manuel Adorni, explic\u00f3 que <strong>el sector privado se har\u00e1 cargo de la ejecuci\u00f3n de obras y gestiones necesarias a su cuenta y riesgo, a cambio del derecho a cobrar peajes.<\/strong> En total, se transferir\u00e1n m\u00e1s de 9.000 kil\u00f3metros de rutas, por donde circula el 80% del tr\u00e1fico nacional.&nbsp;<\/p>\n\n\n\n<p>Esta medida forma parte de la pol\u00edtica del Gobierno de reducir la participaci\u00f3n estatal en actividades comerciales no esenciales y promover la eficiencia en la gesti\u00f3n de la infraestructura vial del pa\u00eds.&nbsp;<\/p>\n\n\n\n<p><\/p>\n","protected":false},"excerpt":{"rendered":"<p>El proceso concluir\u00e1 con la disoluci\u00f3n y liquidaci\u00f3n de la empresa, una vez adjudicados y perfeccionados los contratos de concesi\u00f3n con las empresas seleccionadas.\u00a0 El Gobierno nacional decidi\u00f3 intervenir la empresa estatal Corredores Viales S.A., encargada de la gesti\u00f3n y mantenimiento de importantes rutas nacionales, como parte de su plan de privatizaci\u00f3n. La medida se&hellip;<\/p>\n","protected":false},"author":1,"featured_media":136970,"comment_status":"open","ping_status":"open","sticky":false,"template":"","format":"standard","meta":{"footnotes":""},"categories":[13],"tags":[39321,2450,761,28812,24979,18119],"class_list":["post-136969","post","type-post","status-publish","format-standard","has-post-thumbnail","hentry","category-politica","tag-corredores-viales","tag-diario-el-sindical","tag-gobierno-nacional","tag-javier-milei","tag-luis-caputo","tag-privatizacion"],"_links":{"self":[{"href":"https:\/\/www.elsindical.com.ar\/notas\/wp-json\/wp\/v2\/posts\/136969","targetHints":{"allow":["GET"]}}],"collection":[{"href":"https:\/\/www.elsindical.com.ar\/notas\/wp-json\/wp\/v2\/posts"}],"about":[{"href":"https:\/\/www.elsindical.com.ar\/notas\/wp-json\/wp\/v2\/types\/post"}],"author":[{"embeddable":true,"href":"https:\/\/www.elsindical.com.ar\/notas\/wp-json\/wp\/v2\/users\/1"}],"replies":[{"embeddable":true,"href":"https:\/\/www.elsindical.com.ar\/notas\/wp-json\/wp\/v2\/comments?post=136969"}],"version-history":[{"count":1,"href":"https:\/\/www.elsindical.com.ar\/notas\/wp-json\/wp\/v2\/posts\/136969\/revisions"}],"predecessor-version":[{"id":136971,"href":"https:\/\/www.elsindical.com.ar\/notas\/wp-json\/wp\/v2\/posts\/136969\/revisions\/136971"}],"wp:featuredmedia":[{"embeddable":true,"href":"https:\/\/www.elsindical.com.ar\/notas\/wp-json\/wp\/v2\/media\/136970"}],"wp:attachment":[{"href":"https:\/\/www.elsindical.com.ar\/notas\/wp-json\/wp\/v2\/media?parent=136969"}],"wp:term":[{"taxonomy":"category","embeddable":true,"href":"https:\/\/www.elsindical.com.ar\/notas\/wp-json\/wp\/v2\/categories?post=136969"},{"taxonomy":"post_tag","embeddable":true,"href":"https:\/\/www.elsindical.com.ar\/notas\/wp-json\/wp\/v2\/tags?post=136969"}],"curies":[{"name":"wp","href":"https:\/\/api.w.org\/{rel}","templated":true}]}}