{"id":136941,"date":"2025-04-01T12:42:13","date_gmt":"2025-04-01T15:42:13","guid":{"rendered":"https:\/\/www.elsindical.com.ar\/notas\/?p=136941"},"modified":"2025-04-01T12:42:21","modified_gmt":"2025-04-01T15:42:21","slug":"el-42-de-las-personas-que-viven-en-el-gba-son-pobres","status":"publish","type":"post","link":"https:\/\/www.elsindical.com.ar\/notas\/el-42-de-las-personas-que-viven-en-el-gba-son-pobres\/","title":{"rendered":"El 42% de las personas que viven en el GBA son pobres"},"content":{"rendered":"<div class=\"wp-block-image\">\n<figure class=\"aligncenter size-full is-resized\"><a href=\"https:\/\/www.elsindical.com.ar\/notas\/var\/www\/html\/notas\/wp-content\/uploads\/2017\/06\/pobres-Argentina.jpg\"><img loading=\"lazy\" decoding=\"async\" width=\"680\" height=\"357\" src=\"https:\/\/www.elsindical.com.ar\/notas\/var\/www\/html\/notas\/wp-content\/uploads\/2017\/06\/pobres-Argentina.jpg\" alt=\"\" class=\"wp-image-68722\" style=\"width:738px;height:auto\" srcset=\"https:\/\/www.elsindical.com.ar\/notas\/var\/www\/html\/notas\/wp-content\/uploads\/2017\/06\/pobres-Argentina.jpg 680w, https:\/\/www.elsindical.com.ar\/notas\/var\/www\/html\/notas\/wp-content\/uploads\/2017\/06\/pobres-Argentina-300x158.jpg 300w, https:\/\/www.elsindical.com.ar\/notas\/var\/www\/html\/notas\/wp-content\/uploads\/2017\/06\/pobres-Argentina-500x263.jpg 500w\" sizes=\"auto, (max-width: 680px) 100vw, 680px\" \/><\/a><\/figure>\n<\/div>\n\n\n<p class=\"wp-block-paragraph\">El Indec detall\u00f3 que el 33 de los hogares de los partidos del GBA se encuentran en situaci\u00f3n de pobreza, pero el porcentaje sube cuando se refiere a las personas que all\u00ed residen.<\/p>\n\n\n\n<p class=\"wp-block-paragraph\">El Instituto Nacional de Estad\u00edstica y Censos (Indec) dio a conocer ayer el dato de la pobreza del segundo semestre de 2024 y el Gobierno sali\u00f3 a festejar, pero detr\u00e1s de los n\u00fameros hay hogares y personas que se encuentran en una situaci\u00f3n muy dif\u00edcil. <strong>El impacto de la crisis en el Gran Buenos Aires (GBA).<\/strong><\/p>\n\n\n\n<p class=\"wp-block-paragraph\"><strong>La pobreza lleg\u00f3 al 38,1% en el segundo semestre de 2024<\/strong> en la Argentina, seg\u00fan public\u00f3 el Indec, que detalla que baj\u00f3 14,8 puntos porcentuales con respecto a los primeros seis meses del mismo a\u00f1o. Unas 17,9 millones de personas se encuentran sumidos en la situaci\u00f3n de pobreza.<\/p>\n\n\n\n<h2 class=\"wp-block-heading\">El impacto en el GBA<\/h2>\n\n\n\n<p class=\"wp-block-paragraph\">Precisa que <strong>el 32,9 por ciento de los hogares est\u00e1n en situaci\u00f3n de pobreza, mientras que ese porcentaje llega al 42,1 cuando se habla de personas<\/strong>.<\/p>\n\n\n\n<p class=\"wp-block-paragraph\">Respecto a la <strong>indigencia<\/strong>, el Indec detalla que alcanza al <strong>8,1 por ciento de los hogares<\/strong> en los partido del GBA y al 10,1 por ciento de las personas.<\/p>\n\n\n\n<p class=\"wp-block-paragraph\">Las mayores incidencias de la pobreza en personas se observaron en las regiones Noreste (NEA), 47,0%; y Noroeste (NOA), 42,8%.<\/p>\n\n\n\n<p class=\"wp-block-paragraph\">Las menores, por su parte, se registraron en las regiones Patagonia, 33,5%; y Pampeana, 35,6%<\/p>\n","protected":false},"excerpt":{"rendered":"<p>El Indec detall\u00f3 que el 33 de los hogares de los partidos del GBA se encuentran en situaci\u00f3n de pobreza, pero el porcentaje sube cuando se refiere a las personas que all\u00ed residen. El Instituto Nacional de Estad\u00edstica y Censos (Indec) dio a conocer ayer el dato de la pobreza del segundo semestre de 2024&hellip;<\/p>\n","protected":false},"author":1,"featured_media":68722,"comment_status":"open","ping_status":"open","sticky":false,"template":"","format":"standard","meta":{"footnotes":""},"categories":[9,25],"tags":[3468,2450,22023,9521,801,22032],"class_list":["post-136941","post","type-post","status-publish","format-standard","has-post-thumbnail","hentry","category-economia","category-sociedad","tag-amba","tag-diario-el-sindical","tag-economia","tag-gba","tag-pobres","tag-sociedad"],"_links":{"self":[{"href":"https:\/\/www.elsindical.com.ar\/notas\/wp-json\/wp\/v2\/posts\/136941","targetHints":{"allow":["GET"]}}],"collection":[{"href":"https:\/\/www.elsindical.com.ar\/notas\/wp-json\/wp\/v2\/posts"}],"about":[{"href":"https:\/\/www.elsindical.com.ar\/notas\/wp-json\/wp\/v2\/types\/post"}],"author":[{"embeddable":true,"href":"https:\/\/www.elsindical.com.ar\/notas\/wp-json\/wp\/v2\/users\/1"}],"replies":[{"embeddable":true,"href":"https:\/\/www.elsindical.com.ar\/notas\/wp-json\/wp\/v2\/comments?post=136941"}],"version-history":[{"count":1,"href":"https:\/\/www.elsindical.com.ar\/notas\/wp-json\/wp\/v2\/posts\/136941\/revisions"}],"predecessor-version":[{"id":136942,"href":"https:\/\/www.elsindical.com.ar\/notas\/wp-json\/wp\/v2\/posts\/136941\/revisions\/136942"}],"wp:featuredmedia":[{"embeddable":true,"href":"https:\/\/www.elsindical.com.ar\/notas\/wp-json\/wp\/v2\/media\/68722"}],"wp:attachment":[{"href":"https:\/\/www.elsindical.com.ar\/notas\/wp-json\/wp\/v2\/media?parent=136941"}],"wp:term":[{"taxonomy":"category","embeddable":true,"href":"https:\/\/www.elsindical.com.ar\/notas\/wp-json\/wp\/v2\/categories?post=136941"},{"taxonomy":"post_tag","embeddable":true,"href":"https:\/\/www.elsindical.com.ar\/notas\/wp-json\/wp\/v2\/tags?post=136941"}],"curies":[{"name":"wp","href":"https:\/\/api.w.org\/{rel}","templated":true}]}}