{"id":136920,"date":"2025-03-31T10:42:55","date_gmt":"2025-03-31T13:42:55","guid":{"rendered":"https:\/\/www.elsindical.com.ar\/notas\/?p=136920"},"modified":"2025-03-31T10:43:04","modified_gmt":"2025-03-31T13:43:04","slug":"la-dura-acusacion-de-pietragalla-corti-contra-el-intendente-de-esteban-echeverria","status":"publish","type":"post","link":"https:\/\/www.elsindical.com.ar\/notas\/la-dura-acusacion-de-pietragalla-corti-contra-el-intendente-de-esteban-echeverria\/","title":{"rendered":"La dura acusaci\u00f3n de Pietragalla Corti contra el intendente de Esteban Echeverr\u00eda"},"content":{"rendered":"\n<figure class=\"wp-block-image size-large\"><a href=\"https:\/\/www.elsindical.com.ar\/notas\/var\/www\/html\/notas\/wp-content\/uploads\/2025\/03\/Horacio-Pietragalla-Corti.jpg\"><img loading=\"lazy\" decoding=\"async\" width=\"1024\" height=\"576\" src=\"https:\/\/www.elsindical.com.ar\/notas\/var\/www\/html\/notas\/wp-content\/uploads\/2025\/03\/Horacio-Pietragalla-Corti-1024x576.jpg\" alt=\"\" class=\"wp-image-136921\" srcset=\"https:\/\/www.elsindical.com.ar\/notas\/var\/www\/html\/notas\/wp-content\/uploads\/2025\/03\/Horacio-Pietragalla-Corti-1024x576.jpg 1024w, https:\/\/www.elsindical.com.ar\/notas\/var\/www\/html\/notas\/wp-content\/uploads\/2025\/03\/Horacio-Pietragalla-Corti-300x169.jpg 300w, https:\/\/www.elsindical.com.ar\/notas\/var\/www\/html\/notas\/wp-content\/uploads\/2025\/03\/Horacio-Pietragalla-Corti-768x432.jpg 768w, https:\/\/www.elsindical.com.ar\/notas\/var\/www\/html\/notas\/wp-content\/uploads\/2025\/03\/Horacio-Pietragalla-Corti-460x260.jpg 460w, https:\/\/www.elsindical.com.ar\/notas\/var\/www\/html\/notas\/wp-content\/uploads\/2025\/03\/Horacio-Pietragalla-Corti.jpg 1200w\" sizes=\"auto, (max-width: 1024px) 100vw, 1024px\" \/><\/a><\/figure>\n\n\n\n<p>Horacio Pietragalla Corti asegur\u00f3 que el intendente Fernando Gray le prohibi\u00f3 participar de la charla sobre Derechos Humanos en una escuela. \u00bfQu\u00e9 le dijo?<\/p>\n\n\n\n<p>El ex secretario de Derechos Humanos de la Naci\u00f3n <strong>Horacio Pietragalla Corti lanz\u00f3 una dura acusaci\u00f3n contra el intendente de Esteban Echeverr\u00eda<\/strong>, Fernando Gray. Lo acus\u00f3 de \u201capretar\u201d a distintas instituciones del distrito.<\/p>\n\n\n\n<p>\u201c\u00bfQu\u00e9 te pasa Gray?\u201d, comienza el posteo del nieto recuperado n\u00famero 75 en rechazo al presunto accionar del intendente de Esteban Echeverr\u00eda.<\/p>\n\n\n\n<p><strong>Advierte que el jefe comunal \u201cdio la orden\u201d de prohibirle la participaci\u00f3n en una charla sobre Derechos Humanos en la escuela 29 de Monte Grande<\/strong>, instituci\u00f3n en la que ten\u00eda previsto contar su historia, el secuestro de sus padres y el camino desandado para recuperar su identidad.<\/p>\n\n\n\n<p>\u201cEs la primera vez, desde que recupere mi identidad en el a\u00f1o 2003, que un intendente interviene sobre la invitaci\u00f3n que me hicieran autoridades y alumnos para que no pueda participar\u201d, asegur\u00f3.<\/p>\n\n\n\n<p>Y lo acus\u00f3 de \u201capretar\u201d a distintas instituciones. <strong>\u201cApret\u00e1s a cada club que visito, a cada merendero, a cada cooperativa y los amenazas con quitarle ayuda del municipio si siguen en contacto conmigo. Pero con esto cruzaste un l\u00edmite, demostr\u00e1s la clase de persona que sos insensible y c\u00ednica\u201d<\/strong>, advirti\u00f3.<\/p>\n\n\n\n<p><strong>\u201cLa lucha de los derechos humanos, la lucha de las madres y las abuelas es mucho m\u00e1s importante que tu peque\u00f1a disputa electoral\u201d<\/strong>, sentenci\u00f3 Pietragalla Corti.<\/p>\n\n\n\n<p>En este marco, le dijo: \u201cTe recomiendo que en vez de seguir empapelando la ciudad de Buenos Aires con tu cara, uses esos fondos del municipio para ayudar a los barrios de nuestro municipio que tanto lo necesitan\u2026 As\u00ed son las cosas en Echeverr\u00eda y esas cosas son las que vamos a cambiar\u201d.<\/p>\n","protected":false},"excerpt":{"rendered":"<p>Horacio Pietragalla Corti asegur\u00f3 que el intendente Fernando Gray le prohibi\u00f3 participar de la charla sobre Derechos Humanos en una escuela. \u00bfQu\u00e9 le dijo? El ex secretario de Derechos Humanos de la Naci\u00f3n Horacio Pietragalla Corti lanz\u00f3 una dura acusaci\u00f3n contra el intendente de Esteban Echeverr\u00eda, Fernando Gray. Lo acus\u00f3 de \u201capretar\u201d a distintas instituciones&hellip;<\/p>\n","protected":false},"author":1,"featured_media":136921,"comment_status":"open","ping_status":"open","sticky":false,"template":"","format":"standard","meta":{"footnotes":""},"categories":[6,8,13],"tags":[22022,2450,34363,9430,32488],"class_list":["post-136920","post","type-post","status-publish","format-standard","has-post-thumbnail","hentry","category-denuncias","category-derechos-humanos","category-politica","tag-derechos-humanos","tag-diario-el-sindical","tag-esteban-echeveria","tag-fernando-gray","tag-horacio-pietragalla-corti"],"_links":{"self":[{"href":"https:\/\/www.elsindical.com.ar\/notas\/wp-json\/wp\/v2\/posts\/136920","targetHints":{"allow":["GET"]}}],"collection":[{"href":"https:\/\/www.elsindical.com.ar\/notas\/wp-json\/wp\/v2\/posts"}],"about":[{"href":"https:\/\/www.elsindical.com.ar\/notas\/wp-json\/wp\/v2\/types\/post"}],"author":[{"embeddable":true,"href":"https:\/\/www.elsindical.com.ar\/notas\/wp-json\/wp\/v2\/users\/1"}],"replies":[{"embeddable":true,"href":"https:\/\/www.elsindical.com.ar\/notas\/wp-json\/wp\/v2\/comments?post=136920"}],"version-history":[{"count":1,"href":"https:\/\/www.elsindical.com.ar\/notas\/wp-json\/wp\/v2\/posts\/136920\/revisions"}],"predecessor-version":[{"id":136922,"href":"https:\/\/www.elsindical.com.ar\/notas\/wp-json\/wp\/v2\/posts\/136920\/revisions\/136922"}],"wp:featuredmedia":[{"embeddable":true,"href":"https:\/\/www.elsindical.com.ar\/notas\/wp-json\/wp\/v2\/media\/136921"}],"wp:attachment":[{"href":"https:\/\/www.elsindical.com.ar\/notas\/wp-json\/wp\/v2\/media?parent=136920"}],"wp:term":[{"taxonomy":"category","embeddable":true,"href":"https:\/\/www.elsindical.com.ar\/notas\/wp-json\/wp\/v2\/categories?post=136920"},{"taxonomy":"post_tag","embeddable":true,"href":"https:\/\/www.elsindical.com.ar\/notas\/wp-json\/wp\/v2\/tags?post=136920"}],"curies":[{"name":"wp","href":"https:\/\/api.w.org\/{rel}","templated":true}]}}