{"id":136912,"date":"2025-03-31T00:00:29","date_gmt":"2025-03-31T03:00:29","guid":{"rendered":"https:\/\/www.elsindical.com.ar\/notas\/?p=136912"},"modified":"2025-03-31T00:00:35","modified_gmt":"2025-03-31T03:00:35","slug":"designan-a-sebastian-mazzucchelli-director-general-de-metrogas","status":"publish","type":"post","link":"https:\/\/www.elsindical.com.ar\/notas\/designan-a-sebastian-mazzucchelli-director-general-de-metrogas\/","title":{"rendered":"Designan a Sebasti\u00e1n Mazzucchelli director general de MetroGAS"},"content":{"rendered":"<div class=\"wp-block-image\">\n<figure class=\"aligncenter size-full is-resized\"><a href=\"https:\/\/www.elsindical.com.ar\/notas\/var\/www\/html\/notas\/wp-content\/uploads\/2025\/03\/Sebastian-Mazzucchelli.jpg\"><img loading=\"lazy\" decoding=\"async\" width=\"640\" height=\"960\" src=\"https:\/\/www.elsindical.com.ar\/notas\/var\/www\/html\/notas\/wp-content\/uploads\/2025\/03\/Sebastian-Mazzucchelli.jpg\" alt=\"\" class=\"wp-image-136913\" style=\"width:426px;height:auto\" srcset=\"https:\/\/www.elsindical.com.ar\/notas\/var\/www\/html\/notas\/wp-content\/uploads\/2025\/03\/Sebastian-Mazzucchelli.jpg 640w, https:\/\/www.elsindical.com.ar\/notas\/var\/www\/html\/notas\/wp-content\/uploads\/2025\/03\/Sebastian-Mazzucchelli-200x300.jpg 200w\" sizes=\"auto, (max-width: 640px) 100vw, 640px\" \/><\/a><\/figure>\n<\/div>\n\n\n<p>Sebasti\u00e1n Mazzucchelli, nuevo director general de MetroGAS<\/p>\n\n\n\n<p>Con una trayectoria de 30 a\u00f1os en la compa\u00f1\u00eda, Sebasti\u00e1n Mazzucchelli fue designado hoy como nuevo director general de MetroGAS por el directorio de la sociedad.<\/p>\n\n\n\n<p>Presidido por Andr\u00e9s Scarone, actual vicepresidente de Nuevas Energ\u00edas de YPF, el directorio se reuni\u00f3 esta ma\u00f1ana en la sede central de MetroGAS para designar al nuevo CEO y, luego, la compa\u00f1\u00eda inform\u00f3 al mercado la novedad mediante el env\u00edo del Hecho Relevante a la Comisi\u00f3n Nacional de Valores (CNV).<\/p>\n\n\n\n<p>Mazzucchelli ingres\u00f3 en 1995 como operador comercial y tuvo un crecimiento continuo: fue ejecutivo de cuentas, jefe de Ventas GNC, gerente de Procesos Masivos y gerente de Grandes Clientes. En 2017 fue designado director Comercial, cargo que ejerci\u00f3 hasta hoy.<\/p>\n\n\n\n<p>Es licenciado en Administraci\u00f3n de Empresas por la Universidad de Buenos Aires (UBA), con posgrado en Desarrollo Gerencial por la Universidad Cat\u00f3lica Argentina (UCA) y en Finanzas de la Empresa por la IAE.<\/p>\n\n\n\n<p>\u201cEs un orgullo y un desaf\u00edo muy importante liderar este gran equipo de personas y profesionales del que formamos parte todos los que integramos MetroGAS para poder llevar adelante esta etapa y seguir en el camino hacia la sustentabilidad de resultados, la b\u00fasqueda de eficiencias y la mejora continua,\u201d dijo Mazzucchelli tras la designaci\u00f3n como CEO, funci\u00f3n que cumpl\u00eda de manera interina desde el 29 de enero, cuando reemplaz\u00f3 a Tom\u00e1s C\u00f3rdoba.<\/p>\n\n\n\n<p>Acerca de MetroGAS<\/p>\n\n\n\n<p>Constituida en 1992, MetroGAS es una de las empresas prestadoras de servicios p\u00fablicos m\u00e1s importantes del pa\u00eds, l\u00edder en el sector de distribuci\u00f3n de gas natural. Por la cantidad de Clientes que posee -2.250.000 aproximadamente- es la tercera distribuidora del continente sudamericano. Abarca una superficie de 2.150 km2, comprende las redes de distribuci\u00f3n de la Ciudad Aut\u00f3noma de Buenos Aires y de los siguientes partidos del Gran Buenos Aires: Avellaneda, Lan\u00fas, Lomas de Zamora, Quilmes, Berazategui, Almirante Brown, Florencio Varela, Esteban Echeverr\u00eda, Ezeiza, Presidente Per\u00f3n y San Vicente.<\/p>\n","protected":false},"excerpt":{"rendered":"<p>Sebasti\u00e1n Mazzucchelli, nuevo director general de MetroGAS Con una trayectoria de 30 a\u00f1os en la compa\u00f1\u00eda, Sebasti\u00e1n Mazzucchelli fue designado hoy como nuevo director general de MetroGAS por el directorio de la sociedad. Presidido por Andr\u00e9s Scarone, actual vicepresidente de Nuevas Energ\u00edas de YPF, el directorio se reuni\u00f3 esta ma\u00f1ana en la sede central de&hellip;<\/p>\n","protected":false},"author":1,"featured_media":136913,"comment_status":"open","ping_status":"open","sticky":false,"template":"","format":"standard","meta":{"footnotes":""},"categories":[13],"tags":[16868,2450,29981,3704,44969],"class_list":["post-136912","post","type-post","status-publish","format-standard","has-post-thumbnail","hentry","category-politica","tag-cnv","tag-diario-el-sindical","tag-gobienro-nacional","tag-metrogas","tag-sebastian-mazzucchelli"],"_links":{"self":[{"href":"https:\/\/www.elsindical.com.ar\/notas\/wp-json\/wp\/v2\/posts\/136912","targetHints":{"allow":["GET"]}}],"collection":[{"href":"https:\/\/www.elsindical.com.ar\/notas\/wp-json\/wp\/v2\/posts"}],"about":[{"href":"https:\/\/www.elsindical.com.ar\/notas\/wp-json\/wp\/v2\/types\/post"}],"author":[{"embeddable":true,"href":"https:\/\/www.elsindical.com.ar\/notas\/wp-json\/wp\/v2\/users\/1"}],"replies":[{"embeddable":true,"href":"https:\/\/www.elsindical.com.ar\/notas\/wp-json\/wp\/v2\/comments?post=136912"}],"version-history":[{"count":1,"href":"https:\/\/www.elsindical.com.ar\/notas\/wp-json\/wp\/v2\/posts\/136912\/revisions"}],"predecessor-version":[{"id":136914,"href":"https:\/\/www.elsindical.com.ar\/notas\/wp-json\/wp\/v2\/posts\/136912\/revisions\/136914"}],"wp:featuredmedia":[{"embeddable":true,"href":"https:\/\/www.elsindical.com.ar\/notas\/wp-json\/wp\/v2\/media\/136913"}],"wp:attachment":[{"href":"https:\/\/www.elsindical.com.ar\/notas\/wp-json\/wp\/v2\/media?parent=136912"}],"wp:term":[{"taxonomy":"category","embeddable":true,"href":"https:\/\/www.elsindical.com.ar\/notas\/wp-json\/wp\/v2\/categories?post=136912"},{"taxonomy":"post_tag","embeddable":true,"href":"https:\/\/www.elsindical.com.ar\/notas\/wp-json\/wp\/v2\/tags?post=136912"}],"curies":[{"name":"wp","href":"https:\/\/api.w.org\/{rel}","templated":true}]}}