{"id":136885,"date":"2025-03-29T17:41:47","date_gmt":"2025-03-29T20:41:47","guid":{"rendered":"https:\/\/www.elsindical.com.ar\/notas\/?p=136885"},"modified":"2025-03-29T17:41:53","modified_gmt":"2025-03-29T20:41:53","slug":"lanus-julian-alvarez-desmintio-que-haya-pedido-licencia","status":"publish","type":"post","link":"https:\/\/www.elsindical.com.ar\/notas\/lanus-julian-alvarez-desmintio-que-haya-pedido-licencia\/","title":{"rendered":"Lan\u00fas: Juli\u00e1n \u00c1lvarez desminti\u00f3 que haya pedido licencia"},"content":{"rendered":"\n<figure class=\"wp-block-image size-full\"><a href=\"https:\/\/www.elsindical.com.ar\/notas\/var\/www\/html\/notas\/wp-content\/uploads\/2024\/12\/Julian-Alvarez-intendente-de-Lanus.png\"><img loading=\"lazy\" decoding=\"async\" width=\"800\" height=\"445\" src=\"https:\/\/www.elsindical.com.ar\/notas\/var\/www\/html\/notas\/wp-content\/uploads\/2024\/12\/Julian-Alvarez-intendente-de-Lanus.png\" alt=\"\" class=\"wp-image-134592\" srcset=\"https:\/\/www.elsindical.com.ar\/notas\/var\/www\/html\/notas\/wp-content\/uploads\/2024\/12\/Julian-Alvarez-intendente-de-Lanus.png 800w, https:\/\/www.elsindical.com.ar\/notas\/var\/www\/html\/notas\/wp-content\/uploads\/2024\/12\/Julian-Alvarez-intendente-de-Lanus-300x167.png 300w, https:\/\/www.elsindical.com.ar\/notas\/var\/www\/html\/notas\/wp-content\/uploads\/2024\/12\/Julian-Alvarez-intendente-de-Lanus-768x427.png 768w, https:\/\/www.elsindical.com.ar\/notas\/var\/www\/html\/notas\/wp-content\/uploads\/2024\/12\/Julian-Alvarez-intendente-de-Lanus-500x278.png 500w\" sizes=\"auto, (max-width: 800px) 100vw, 800px\" \/><\/a><\/figure>\n\n\n\n<p>\u00abAc\u00e1 estoy 24\/7 y ac\u00e1 voy a seguir trabajando para transformar nuestra ciudad\u00bb, asegur\u00f3 el intendente de Lan\u00fas, Juli\u00e1n \u00c1lvarez.<\/p>\n\n\n\n<p><strong>El intendente de Lan\u00fas, Juli\u00e1n \u00c1lvarez, desminti\u00f3 un pedido de licencia<\/strong>, cuestion\u00f3 a los \u201cporte\u00f1os\u201d que \u201cse dedican a ensuciar y mentir\u201d y aclar\u00f3: \u201cAc\u00e1 estoy 24\/7 y ac\u00e1 voy a seguir trabajando\u201d.<\/p>\n\n\n\n<p><strong>Tras las versiones que circularon en algunos medios sobre un pedido de licencia de un a\u00f1o<\/strong>, \u00c1lvarez opt\u00f3 por desmentirlas con un contundente mensaje en redes sociales.<\/p>\n\n\n\n<p><strong>\u201cA todos mis vecinos de Lan\u00fas quiero transmitirles que las noticias que estuvieron circulando en las \u00faltimas horas respecto a un supuesto pedido de licencia a mis funciones son completamente falsas y malintencionadas\u201d<\/strong>, asegur\u00f3.<\/p>\n\n\n\n<p>Y aclar\u00f3 que la presentaci\u00f3n realizada en el Concejo Deliberante \u201cobedece a un mero tr\u00e1mite administrativo com\u00fanmente utilizado en varios distritos para simplificar la gesti\u00f3n de la licencia anual ordinaria\u201d.<\/p>\n\n\n\n<p>\u201cPara aquellos que se dedican a ensuciar y a mentir, dos cosas: Primero, tengo la hermosa responsabilidad de gobernar el distrito que me vio nacer, voy un a\u00f1o y 4 meses de gobierno, <strong>no me tom\u00e9 ninguna licencia, ni pienso hacerlo<\/strong> salvo que sirva para Lan\u00fas. Segundo, les tengo malas noticias, yo ni me voy de presidente de ning\u00fan club, ni vivo afuera de mi ciudad\u201d, aclar\u00f3, aludiendo a N\u00e9stor Grindetti.<\/p>\n\n\n\n<p>Y advirti\u00f3 que continuar\u00e1 al frente del Municipio. <strong>\u201cAc\u00e1 estoy 24\/7 y ac\u00e1 voy a seguir trabajando para transformar nuestra ciudad y cumplir con el mandato que me confiaron los vecinos y vecinas de Lan\u00fas\u201d<\/strong>, explic\u00f3.<\/p>\n\n\n\n<p>Finalmente, <strong>le habl\u00f3 a \u201clos porte\u00f1os que impulsaron la fake news\u201d y les dio la bienvenida \u201cotra vez\u201d a la ciudad.<\/strong> \u201cLos echaron los vecinos de Lan\u00fas, los echaron de CABA. Hasta del PRO los echaron. Prueben trabajando a ver si cambian la racha\u201d, les recomend\u00f3.<\/p>\n","protected":false},"excerpt":{"rendered":"<p>\u00abAc\u00e1 estoy 24\/7 y ac\u00e1 voy a seguir trabajando para transformar nuestra ciudad\u00bb, asegur\u00f3 el intendente de Lan\u00fas, Juli\u00e1n \u00c1lvarez. El intendente de Lan\u00fas, Juli\u00e1n \u00c1lvarez, desminti\u00f3 un pedido de licencia, cuestion\u00f3 a los \u201cporte\u00f1os\u201d que \u201cse dedican a ensuciar y mentir\u201d y aclar\u00f3: \u201cAc\u00e1 estoy 24\/7 y ac\u00e1 voy a seguir trabajando\u201d. Tras las&hellip;<\/p>\n","protected":false},"author":1,"featured_media":134592,"comment_status":"open","ping_status":"open","sticky":false,"template":"","format":"standard","meta":{"footnotes":""},"categories":[13],"tags":[2450,42922,209,44962],"class_list":["post-136885","post","type-post","status-publish","format-standard","has-post-thumbnail","hentry","category-politica","tag-diario-el-sindical","tag-intendente-julian-alvarez","tag-lanus","tag-pedido-de-licencia"],"_links":{"self":[{"href":"https:\/\/www.elsindical.com.ar\/notas\/wp-json\/wp\/v2\/posts\/136885","targetHints":{"allow":["GET"]}}],"collection":[{"href":"https:\/\/www.elsindical.com.ar\/notas\/wp-json\/wp\/v2\/posts"}],"about":[{"href":"https:\/\/www.elsindical.com.ar\/notas\/wp-json\/wp\/v2\/types\/post"}],"author":[{"embeddable":true,"href":"https:\/\/www.elsindical.com.ar\/notas\/wp-json\/wp\/v2\/users\/1"}],"replies":[{"embeddable":true,"href":"https:\/\/www.elsindical.com.ar\/notas\/wp-json\/wp\/v2\/comments?post=136885"}],"version-history":[{"count":1,"href":"https:\/\/www.elsindical.com.ar\/notas\/wp-json\/wp\/v2\/posts\/136885\/revisions"}],"predecessor-version":[{"id":136886,"href":"https:\/\/www.elsindical.com.ar\/notas\/wp-json\/wp\/v2\/posts\/136885\/revisions\/136886"}],"wp:featuredmedia":[{"embeddable":true,"href":"https:\/\/www.elsindical.com.ar\/notas\/wp-json\/wp\/v2\/media\/134592"}],"wp:attachment":[{"href":"https:\/\/www.elsindical.com.ar\/notas\/wp-json\/wp\/v2\/media?parent=136885"}],"wp:term":[{"taxonomy":"category","embeddable":true,"href":"https:\/\/www.elsindical.com.ar\/notas\/wp-json\/wp\/v2\/categories?post=136885"},{"taxonomy":"post_tag","embeddable":true,"href":"https:\/\/www.elsindical.com.ar\/notas\/wp-json\/wp\/v2\/tags?post=136885"}],"curies":[{"name":"wp","href":"https:\/\/api.w.org\/{rel}","templated":true}]}}