{"id":136876,"date":"2025-03-28T16:14:46","date_gmt":"2025-03-28T19:14:46","guid":{"rendered":"https:\/\/www.elsindical.com.ar\/notas\/?p=136876"},"modified":"2025-03-28T16:41:43","modified_gmt":"2025-03-28T19:41:43","slug":"a-lemoine-le-empezo-a-gustar-el-fmi","status":"publish","type":"post","link":"https:\/\/www.elsindical.com.ar\/notas\/a-lemoine-le-empezo-a-gustar-el-fmi\/","title":{"rendered":"A Lemoine le empez\u00f3 a gustar el FMI"},"content":{"rendered":"<div class=\"wp-block-image\">\n<figure class=\"aligncenter size-full is-resized\"><a href=\"https:\/\/www.elsindical.com.ar\/notas\/var\/www\/html\/notas\/wp-content\/uploads\/2025\/03\/Lemoine-no-nos-gusta-el-FMI.jpg\"><img loading=\"lazy\" decoding=\"async\" width=\"500\" height=\"762\" src=\"https:\/\/www.elsindical.com.ar\/notas\/var\/www\/html\/notas\/wp-content\/uploads\/2025\/03\/Lemoine-no-nos-gusta-el-FMI.jpg\" alt=\"\" class=\"wp-image-136877\" style=\"width:428px;height:auto\" srcset=\"https:\/\/www.elsindical.com.ar\/notas\/var\/www\/html\/notas\/wp-content\/uploads\/2025\/03\/Lemoine-no-nos-gusta-el-FMI.jpg 500w, https:\/\/www.elsindical.com.ar\/notas\/var\/www\/html\/notas\/wp-content\/uploads\/2025\/03\/Lemoine-no-nos-gusta-el-FMI-197x300.jpg 197w\" sizes=\"auto, (max-width: 500px) 100vw, 500px\" \/><\/a><\/figure>\n<\/div>\n\n\n<p>No resisten archivo. En plena campa\u00f1a electoral hablaban del FMI como un mal para el pueblo y ahora, de la mano del mismo de siempre -ahora Ministro de este gobierno Luis Caputo- volvimos a la rueda del endeudamiento. \u201cCon lo que estamos pidiendo al Fondo, m\u00e1s lo que va a entrar de BID, Banco Mundial y CAF vamos a estar en torno a las 50 mil millones de d\u00f3lares de reservas brutas\u201d, dijo quien gobierno tras gobierno viene arruinando la econom\u00eda de la Argentina.<br><br>Las cuentas no cierran. Existe un discurso alentador, en cuanto al supuesto crecimiento econ\u00f3mico de nuestro pa\u00eds, que Milei lleva por el mundo vendiendo el verso de ser el mejor gobierno de la historia mientras en lugar de riquezas lo \u00fanico que aumenta es el hambre y la pobreza. Dicen que est\u00e1n bien, que los n\u00fameros cierran, pero salen a pedir plata y a endeudarse en miles de millones de d\u00f3lares.<br><br>La Memoria es ese ejercicio que hacemos cuando recordamos que nunca en nuestra historia el FMI vino a traer soluciones. Sabemos que detr\u00e1s de estos acuerdos se profundizan las crisis y terminamos siendo esclavos de los organismos internacionales. Ellos lo saben, y Caputo m\u00e1s que nadie. Disfrazar la realidad es algo que sabe hacer muy bien este equipo del ajuste y el hambre.<\/p>\n\n\n\n<figure class=\"wp-block-embed is-type-video is-provider-youtube wp-block-embed-youtube wp-embed-aspect-16-9 wp-has-aspect-ratio\"><div class=\"wp-block-embed__wrapper\">\n<iframe loading=\"lazy\" title=\"A Lilia Lemoine ahora le gusta el FMI\" width=\"700\" height=\"394\" src=\"https:\/\/www.youtube.com\/embed\/vWyN3osb-p4?feature=oembed\" frameborder=\"0\" allow=\"accelerometer; autoplay; clipboard-write; encrypted-media; gyroscope; picture-in-picture; web-share\" referrerpolicy=\"strict-origin-when-cross-origin\" allowfullscreen><\/iframe>\n<\/div><\/figure>\n\n\n\n<p>Fuente: Revista Sudestada<\/p>\n","protected":false},"excerpt":{"rendered":"<p>No resisten archivo. En plena campa\u00f1a electoral hablaban del FMI como un mal para el pueblo y ahora, de la mano del mismo de siempre -ahora Ministro de este gobierno Luis Caputo- volvimos a la rueda del endeudamiento. \u201cCon lo que estamos pidiendo al Fondo, m\u00e1s lo que va a entrar de BID, Banco Mundial&hellip;<\/p>\n","protected":false},"author":1,"featured_media":136877,"comment_status":"open","ping_status":"open","sticky":false,"template":"","format":"standard","meta":{"footnotes":""},"categories":[13],"tags":[27246,3307,2450,177,6925,28812,40899,40628,7931,44141],"class_list":["post-136876","post","type-post","status-publish","format-standard","has-post-thumbnail","hentry","category-politica","tag-bid","tag-deudas","tag-diario-el-sindical","tag-diputada","tag-fmi","tag-javier-milei","tag-lilia-lemoine","tag-lla","tag-prestamo","tag-revista-sudestada"],"_links":{"self":[{"href":"https:\/\/www.elsindical.com.ar\/notas\/wp-json\/wp\/v2\/posts\/136876","targetHints":{"allow":["GET"]}}],"collection":[{"href":"https:\/\/www.elsindical.com.ar\/notas\/wp-json\/wp\/v2\/posts"}],"about":[{"href":"https:\/\/www.elsindical.com.ar\/notas\/wp-json\/wp\/v2\/types\/post"}],"author":[{"embeddable":true,"href":"https:\/\/www.elsindical.com.ar\/notas\/wp-json\/wp\/v2\/users\/1"}],"replies":[{"embeddable":true,"href":"https:\/\/www.elsindical.com.ar\/notas\/wp-json\/wp\/v2\/comments?post=136876"}],"version-history":[{"count":2,"href":"https:\/\/www.elsindical.com.ar\/notas\/wp-json\/wp\/v2\/posts\/136876\/revisions"}],"predecessor-version":[{"id":136879,"href":"https:\/\/www.elsindical.com.ar\/notas\/wp-json\/wp\/v2\/posts\/136876\/revisions\/136879"}],"wp:featuredmedia":[{"embeddable":true,"href":"https:\/\/www.elsindical.com.ar\/notas\/wp-json\/wp\/v2\/media\/136877"}],"wp:attachment":[{"href":"https:\/\/www.elsindical.com.ar\/notas\/wp-json\/wp\/v2\/media?parent=136876"}],"wp:term":[{"taxonomy":"category","embeddable":true,"href":"https:\/\/www.elsindical.com.ar\/notas\/wp-json\/wp\/v2\/categories?post=136876"},{"taxonomy":"post_tag","embeddable":true,"href":"https:\/\/www.elsindical.com.ar\/notas\/wp-json\/wp\/v2\/tags?post=136876"}],"curies":[{"name":"wp","href":"https:\/\/api.w.org\/{rel}","templated":true}]}}