{"id":136860,"date":"2025-03-28T00:16:25","date_gmt":"2025-03-28T03:16:25","guid":{"rendered":"https:\/\/www.elsindical.com.ar\/notas\/?p=136860"},"modified":"2025-03-28T00:16:31","modified_gmt":"2025-03-28T03:16:31","slug":"jujuy-un-referente-de-karina-milei-lleva-a-afiliados-del-pami-a-atenderse-a-su-propia-clinica","status":"publish","type":"post","link":"https:\/\/www.elsindical.com.ar\/notas\/jujuy-un-referente-de-karina-milei-lleva-a-afiliados-del-pami-a-atenderse-a-su-propia-clinica\/","title":{"rendered":"Jujuy: un referente de Karina Milei lleva a afiliados del PAMI a atenderse a su propia cl\u00ednica"},"content":{"rendered":"<div class=\"wp-block-image\">\n<figure class=\"aligncenter size-full is-resized\"><a href=\"https:\/\/www.elsindical.com.ar\/notas\/var\/www\/html\/notas\/wp-content\/uploads\/2025\/03\/Quintar-y-Milei.jpg\"><img loading=\"lazy\" decoding=\"async\" width=\"600\" height=\"755\" src=\"https:\/\/www.elsindical.com.ar\/notas\/var\/www\/html\/notas\/wp-content\/uploads\/2025\/03\/Quintar-y-Milei.jpg\" alt=\"\" class=\"wp-image-136861\" style=\"width:486px;height:auto\" srcset=\"https:\/\/www.elsindical.com.ar\/notas\/var\/www\/html\/notas\/wp-content\/uploads\/2025\/03\/Quintar-y-Milei.jpg 600w, https:\/\/www.elsindical.com.ar\/notas\/var\/www\/html\/notas\/wp-content\/uploads\/2025\/03\/Quintar-y-Milei-238x300.jpg 238w\" sizes=\"auto, (max-width: 600px) 100vw, 600px\" \/><\/a><\/figure>\n<\/div>\n\n\n<p>El asunto involucra a\u00fan m\u00e1s problemas de transparencia, ya que el telegrama enviado por la Agencia Nacional de Discapacidad (ANDIS) a los beneficiarios de la pensi\u00f3n no contributiva los deriva a la cl\u00ednica de Quintar para la verificaci\u00f3n de su situaci\u00f3n.<\/p>\n\n\n\n<p>Una nueva pol\u00e9mica acaece en La Libertad Avanza. Esta vez en la provincia de Jujuy. Es que, de acuerdo a<em> La Pol\u00edtica Online<\/em>, el diputado libertario Manuel Quintar, vinculado a Karina Milei, est\u00e1 siendo investigado por un esc\u00e1ndalo de presunta corrupci\u00f3n. Quintar, ex ladero de Milagro Sala y actual responsable de la cl\u00ednica \u00abLos Lapachos\u00bb, ha utilizado su control sobre el PAMI local para dirigir a personas con discapacidades a su propio sanatorio, el Policonsultorio Los Lapachos, para realizarse estudios m\u00e9dicos.<\/p>\n\n\n\n<p><strong>Seg\u00fan LPO, la cl\u00ednica *Los Lapachos* pertenece a la familia Quintar y en su momento fue conocida como \u00abSanatorio Quintar\u00bb, antes de ser rebautizada. Quintar, en un claro conflicto de inter\u00e9s, se asegura que los beneficiarios del PAMI que requieren certificados m\u00e9dicos por pensi\u00f3n no contributiva de invalidez laboral se presenten en su cl\u00ednica, lo que ha generado controversia.<\/strong><br><br>El esc\u00e1ndalo se agrava al descubrirse que el administrador de la cl\u00ednica, Evaristo Bautisto, fue designado al frente de la Uni\u00f3n de Gesti\u00f3n Local del PAMI en la provincia de Jujuy. Este nombramiento gener\u00f3 una denuncia en la justicia contra Esteban Leguizamo, director ejecutivo del PAMI, por posible corrupci\u00f3n y mal manejo de los recursos del sistema de salud p\u00fablica.<br><br>El asunto involucra a\u00fan m\u00e1s problemas de transparencia, ya que el telegrama enviado por la Agencia Nacional de Discapacidad (ANDIS) a los beneficiarios de la pensi\u00f3n no contributiva los deriva a la cl\u00ednica de Quintar para la verificaci\u00f3n de su situaci\u00f3n. El mensaje busca garantizar que las ayudas lleguen a quienes realmente las necesitan, pero lo ir\u00f3nico es que, para prevenir fraudes, se deriva a los beneficiarios a una cl\u00ednica vinculada directamente con el legislador que tiene poder sobre la administraci\u00f3n local del PAMI.<\/p>\n","protected":false},"excerpt":{"rendered":"<p>El asunto involucra a\u00fan m\u00e1s problemas de transparencia, ya que el telegrama enviado por la Agencia Nacional de Discapacidad (ANDIS) a los beneficiarios de la pensi\u00f3n no contributiva los deriva a la cl\u00ednica de Quintar para la verificaci\u00f3n de su situaci\u00f3n. Una nueva pol\u00e9mica acaece en La Libertad Avanza. Esta vez en la provincia de&hellip;<\/p>\n","protected":false},"author":1,"featured_media":136861,"comment_status":"open","ping_status":"open","sticky":false,"template":"","format":"standard","meta":{"footnotes":""},"categories":[6,13],"tags":[29706,2450,3012,2570,40428,44959,3582],"class_list":["post-136860","post","type-post","status-publish","format-standard","has-post-thumbnail","hentry","category-denuncias","category-politica","tag-andis","tag-diario-el-sindical","tag-diputado","tag-jujuy","tag-karina-milei","tag-manuel-quintar","tag-pami"],"_links":{"self":[{"href":"https:\/\/www.elsindical.com.ar\/notas\/wp-json\/wp\/v2\/posts\/136860","targetHints":{"allow":["GET"]}}],"collection":[{"href":"https:\/\/www.elsindical.com.ar\/notas\/wp-json\/wp\/v2\/posts"}],"about":[{"href":"https:\/\/www.elsindical.com.ar\/notas\/wp-json\/wp\/v2\/types\/post"}],"author":[{"embeddable":true,"href":"https:\/\/www.elsindical.com.ar\/notas\/wp-json\/wp\/v2\/users\/1"}],"replies":[{"embeddable":true,"href":"https:\/\/www.elsindical.com.ar\/notas\/wp-json\/wp\/v2\/comments?post=136860"}],"version-history":[{"count":1,"href":"https:\/\/www.elsindical.com.ar\/notas\/wp-json\/wp\/v2\/posts\/136860\/revisions"}],"predecessor-version":[{"id":136862,"href":"https:\/\/www.elsindical.com.ar\/notas\/wp-json\/wp\/v2\/posts\/136860\/revisions\/136862"}],"wp:featuredmedia":[{"embeddable":true,"href":"https:\/\/www.elsindical.com.ar\/notas\/wp-json\/wp\/v2\/media\/136861"}],"wp:attachment":[{"href":"https:\/\/www.elsindical.com.ar\/notas\/wp-json\/wp\/v2\/media?parent=136860"}],"wp:term":[{"taxonomy":"category","embeddable":true,"href":"https:\/\/www.elsindical.com.ar\/notas\/wp-json\/wp\/v2\/categories?post=136860"},{"taxonomy":"post_tag","embeddable":true,"href":"https:\/\/www.elsindical.com.ar\/notas\/wp-json\/wp\/v2\/tags?post=136860"}],"curies":[{"name":"wp","href":"https:\/\/api.w.org\/{rel}","templated":true}]}}