{"id":136843,"date":"2025-03-27T14:37:28","date_gmt":"2025-03-27T17:37:28","guid":{"rendered":"https:\/\/www.elsindical.com.ar\/notas\/?p=136843"},"modified":"2025-03-27T14:37:34","modified_gmt":"2025-03-27T17:37:34","slug":"caputo-confirmo-el-monto-del-prestamo-del-fmi-argentina-recibira-20-mil-millones-de-dolares","status":"publish","type":"post","link":"https:\/\/www.elsindical.com.ar\/notas\/caputo-confirmo-el-monto-del-prestamo-del-fmi-argentina-recibira-20-mil-millones-de-dolares\/","title":{"rendered":"Caputo confirm\u00f3 el monto del pr\u00e9stamo del FMI: Argentina recibir\u00e1 20 mil millones de d\u00f3lares"},"content":{"rendered":"\n<figure class=\"wp-block-image size-large\"><a href=\"https:\/\/www.elsindical.com.ar\/notas\/var\/www\/html\/notas\/wp-content\/uploads\/2025\/03\/Caputo-y-Giogieva-3.jpg\"><img loading=\"lazy\" decoding=\"async\" width=\"1024\" height=\"576\" src=\"https:\/\/www.elsindical.com.ar\/notas\/var\/www\/html\/notas\/wp-content\/uploads\/2025\/03\/Caputo-y-Giogieva-3-1024x576.jpg\" alt=\"\" class=\"wp-image-136844\" srcset=\"https:\/\/www.elsindical.com.ar\/notas\/var\/www\/html\/notas\/wp-content\/uploads\/2025\/03\/Caputo-y-Giogieva-3-1024x576.jpg 1024w, https:\/\/www.elsindical.com.ar\/notas\/var\/www\/html\/notas\/wp-content\/uploads\/2025\/03\/Caputo-y-Giogieva-3-300x169.jpg 300w, https:\/\/www.elsindical.com.ar\/notas\/var\/www\/html\/notas\/wp-content\/uploads\/2025\/03\/Caputo-y-Giogieva-3-768x432.jpg 768w, https:\/\/www.elsindical.com.ar\/notas\/var\/www\/html\/notas\/wp-content\/uploads\/2025\/03\/Caputo-y-Giogieva-3-460x260.jpg 460w, https:\/\/www.elsindical.com.ar\/notas\/var\/www\/html\/notas\/wp-content\/uploads\/2025\/03\/Caputo-y-Giogieva-3.jpg 1200w\" sizes=\"auto, (max-width: 1024px) 100vw, 1024px\" \/><\/a><\/figure>\n\n\n\n<p>El ministro de Econom\u00eda, Luis Caputo, anunci\u00f3 que Argentina obtendr\u00e1 un pr\u00e9stamo de 20.000 millones de d\u00f3lares del Fondo Monetario Internacional (FMI).Este financiamiento tiene como prop\u00f3sito fortalecer las reservas del Banco Central y respaldar el plan econ\u00f3mico del gobierno.<\/p>\n\n\n\n<p>Cabe destacar que el ministro de Econom\u00eda dio a conocer el monto oficial, ya que cuando se aprob\u00f3 el DNU pedido por el presidente Javier Milei, no se hab\u00eda dado la informaci\u00f3n del monto ni las condiciones del acuerdo con el FMI.<\/p>\n\n\n\n<p>Caputo inform\u00f3 que adem\u00e1s se est\u00e1n llevando a cabo <strong>negociaciones con el Banco Interamericano de Desarrollo (BID) y el Banco Mundial<\/strong> para obtener nuevos cr\u00e9ditos de libre disponibilidad, destinados tambi\u00e9n a reforzar las reservas internacionales.&nbsp;<\/p>\n\n\n\n<p>El anuncio se realiz\u00f3 durante la apertura de la XXIII Conferencia Anual sobre Regulaci\u00f3n y Supervisi\u00f3n de Seguros en Am\u00e9rica Latina, celebrada en la Bolsa de Comercio de Buenos Aires.&nbsp;<\/p>\n\n\n\n<p>Este acuerdo con el FMI se enmarca en las negociaciones que el gobierno de Javier Milei ha llevado a cabo para estabilizar la econom\u00eda y fortalecer las reservas internacionales.&nbsp;<\/p>\n","protected":false},"excerpt":{"rendered":"<p>El ministro de Econom\u00eda, Luis Caputo, anunci\u00f3 que Argentina obtendr\u00e1 un pr\u00e9stamo de 20.000 millones de d\u00f3lares del Fondo Monetario Internacional (FMI).Este financiamiento tiene como prop\u00f3sito fortalecer las reservas del Banco Central y respaldar el plan econ\u00f3mico del gobierno. Cabe destacar que el ministro de Econom\u00eda dio a conocer el monto oficial, ya que cuando&hellip;<\/p>\n","protected":false},"author":1,"featured_media":136844,"comment_status":"open","ping_status":"open","sticky":false,"template":"","format":"standard","meta":{"footnotes":""},"categories":[9,13],"tags":[1489,27246,2450,6925,28812,43886,7931],"class_list":["post-136843","post","type-post","status-publish","format-standard","has-post-thumbnail","hentry","category-economia","category-politica","tag-bcra","tag-bid","tag-diario-el-sindical","tag-fmi","tag-javier-milei","tag-luis-caputa","tag-prestamo"],"_links":{"self":[{"href":"https:\/\/www.elsindical.com.ar\/notas\/wp-json\/wp\/v2\/posts\/136843","targetHints":{"allow":["GET"]}}],"collection":[{"href":"https:\/\/www.elsindical.com.ar\/notas\/wp-json\/wp\/v2\/posts"}],"about":[{"href":"https:\/\/www.elsindical.com.ar\/notas\/wp-json\/wp\/v2\/types\/post"}],"author":[{"embeddable":true,"href":"https:\/\/www.elsindical.com.ar\/notas\/wp-json\/wp\/v2\/users\/1"}],"replies":[{"embeddable":true,"href":"https:\/\/www.elsindical.com.ar\/notas\/wp-json\/wp\/v2\/comments?post=136843"}],"version-history":[{"count":1,"href":"https:\/\/www.elsindical.com.ar\/notas\/wp-json\/wp\/v2\/posts\/136843\/revisions"}],"predecessor-version":[{"id":136845,"href":"https:\/\/www.elsindical.com.ar\/notas\/wp-json\/wp\/v2\/posts\/136843\/revisions\/136845"}],"wp:featuredmedia":[{"embeddable":true,"href":"https:\/\/www.elsindical.com.ar\/notas\/wp-json\/wp\/v2\/media\/136844"}],"wp:attachment":[{"href":"https:\/\/www.elsindical.com.ar\/notas\/wp-json\/wp\/v2\/media?parent=136843"}],"wp:term":[{"taxonomy":"category","embeddable":true,"href":"https:\/\/www.elsindical.com.ar\/notas\/wp-json\/wp\/v2\/categories?post=136843"},{"taxonomy":"post_tag","embeddable":true,"href":"https:\/\/www.elsindical.com.ar\/notas\/wp-json\/wp\/v2\/tags?post=136843"}],"curies":[{"name":"wp","href":"https:\/\/api.w.org\/{rel}","templated":true}]}}