{"id":136831,"date":"2025-03-26T15:40:57","date_gmt":"2025-03-26T18:40:57","guid":{"rendered":"https:\/\/www.elsindical.com.ar\/notas\/?p=136831"},"modified":"2025-03-26T15:54:45","modified_gmt":"2025-03-26T18:54:45","slug":"restituiran-el-monumento-a-osvaldo-bayer","status":"publish","type":"post","link":"https:\/\/www.elsindical.com.ar\/notas\/restituiran-el-monumento-a-osvaldo-bayer\/","title":{"rendered":"Restituir\u00e1n el monumento a Osvaldo Bayer"},"content":{"rendered":"\n<figure class=\"wp-block-image size-large\"><a href=\"https:\/\/www.elsindical.com.ar\/notas\/var\/www\/html\/notas\/wp-content\/uploads\/2025\/03\/monumento-Osvaldo-Bayer.jpg\"><img loading=\"lazy\" decoding=\"async\" width=\"1024\" height=\"576\" src=\"https:\/\/www.elsindical.com.ar\/notas\/var\/www\/html\/notas\/wp-content\/uploads\/2025\/03\/monumento-Osvaldo-Bayer-1024x576.jpg\" alt=\"\" class=\"wp-image-136832\" srcset=\"https:\/\/www.elsindical.com.ar\/notas\/var\/www\/html\/notas\/wp-content\/uploads\/2025\/03\/monumento-Osvaldo-Bayer-1024x576.jpg 1024w, https:\/\/www.elsindical.com.ar\/notas\/var\/www\/html\/notas\/wp-content\/uploads\/2025\/03\/monumento-Osvaldo-Bayer-300x169.jpg 300w, https:\/\/www.elsindical.com.ar\/notas\/var\/www\/html\/notas\/wp-content\/uploads\/2025\/03\/monumento-Osvaldo-Bayer-768x432.jpg 768w, https:\/\/www.elsindical.com.ar\/notas\/var\/www\/html\/notas\/wp-content\/uploads\/2025\/03\/monumento-Osvaldo-Bayer-460x260.jpg 460w, https:\/\/www.elsindical.com.ar\/notas\/var\/www\/html\/notas\/wp-content\/uploads\/2025\/03\/monumento-Osvaldo-Bayer.jpg 1200w\" sizes=\"auto, (max-width: 1024px) 100vw, 1024px\" \/><\/a><\/figure>\n\n\n\n<p>Tras las im\u00e1genes que se viralizaron, el intendente de R\u00edo Gallegos asegur\u00f3 que la obra en homenaje a Osvaldo Bayer ser\u00e1 restituido.<\/p>\n\n\n\n<p>En las \u00faltimas horas, las im\u00e1genes de la <strong>destrucci\u00f3n del monumento a Osvaldo Bayer<\/strong> se viralizaron y generaron indignaci\u00f3n. El intendente de R\u00edo Gallegos, Pablo Grasso, asegur\u00f3 que ser\u00e1 restituido.<\/p>\n\n\n\n<p><strong>\u201cAnte este intento del Gobierno Nacional de borrar la historia de los santacruce\u00f1os y de los patag\u00f3nicos, hemos tomado la decisi\u00f3n de restituir el monumento a Osvaldo Bayer y la Patagonia Rebelde. Porque somos rebeldes por naturaleza\u201d<\/strong>, asegur\u00f3.<\/p>\n\n\n\n<p>Por otro lado, calific\u00f3 de \u201cpobreza intelectual\u201d la destrucci\u00f3n del monumento al periodista y escritor Osvaldo Bayer, en R\u00edo Gallegos, por orden del Gobierno Nacional.<\/p>\n\n\n\n<p>Aclar\u00f3, en declaraciones a la agencia Noticias Argentinas, que \u201cno solamente no avisaron absolutamente a nadie\u201d ni desde el Gobierno Nacional ni desde Vialidad, sino que \u201ctampoco lo justificaron\u201d debidamente.<\/p>\n\n\n\n<p>Para finalizar, Grasso declar\u00f3 que \u201cpor supuesto\u201d <strong>van a volver a levantar el monumento \u201cdentro de lo que es el ejido\u201d, pero con otra obra porque \u201cel da\u00f1o que han hecho\u201d fue tan grave \u201cque no pueden arreglarla\u201d<\/strong>.<\/p>\n\n\n\n<figure class=\"wp-block-embed is-type-video is-provider-youtube wp-block-embed-youtube wp-embed-aspect-16-9 wp-has-aspect-ratio\"><div class=\"wp-block-embed__wrapper\">\n<iframe loading=\"lazy\" title=\"R\u00edo Gallegos repondr\u00e1n el monumento de Osvaldo Bayer\" width=\"700\" height=\"394\" src=\"https:\/\/www.youtube.com\/embed\/ObkO4OWPLOM?feature=oembed\" frameborder=\"0\" allow=\"accelerometer; autoplay; clipboard-write; encrypted-media; gyroscope; picture-in-picture; web-share\" referrerpolicy=\"strict-origin-when-cross-origin\" allowfullscreen><\/iframe>\n<\/div><\/figure>\n","protected":false},"excerpt":{"rendered":"<p>Tras las im\u00e1genes que se viralizaron, el intendente de R\u00edo Gallegos asegur\u00f3 que la obra en homenaje a Osvaldo Bayer ser\u00e1 restituido. En las \u00faltimas horas, las im\u00e1genes de la destrucci\u00f3n del monumento a Osvaldo Bayer se viralizaron y generaron indignaci\u00f3n. El intendente de R\u00edo Gallegos, Pablo Grasso, asegur\u00f3 que ser\u00e1 restituido. \u201cAnte este intento&hellip;<\/p>\n","protected":false},"author":1,"featured_media":136832,"comment_status":"open","ping_status":"open","sticky":false,"template":"","format":"standard","meta":{"footnotes":""},"categories":[13,25],"tags":[761,28812,44955,44956,11838],"class_list":["post-136831","post","type-post","status-publish","format-standard","has-post-thumbnail","hentry","category-politica","category-sociedad","tag-gobierno-nacional","tag-javier-milei","tag-monumento-osvaldo-bayer","tag-pablo-grasso","tag-rio-gallegos"],"_links":{"self":[{"href":"https:\/\/www.elsindical.com.ar\/notas\/wp-json\/wp\/v2\/posts\/136831","targetHints":{"allow":["GET"]}}],"collection":[{"href":"https:\/\/www.elsindical.com.ar\/notas\/wp-json\/wp\/v2\/posts"}],"about":[{"href":"https:\/\/www.elsindical.com.ar\/notas\/wp-json\/wp\/v2\/types\/post"}],"author":[{"embeddable":true,"href":"https:\/\/www.elsindical.com.ar\/notas\/wp-json\/wp\/v2\/users\/1"}],"replies":[{"embeddable":true,"href":"https:\/\/www.elsindical.com.ar\/notas\/wp-json\/wp\/v2\/comments?post=136831"}],"version-history":[{"count":2,"href":"https:\/\/www.elsindical.com.ar\/notas\/wp-json\/wp\/v2\/posts\/136831\/revisions"}],"predecessor-version":[{"id":136834,"href":"https:\/\/www.elsindical.com.ar\/notas\/wp-json\/wp\/v2\/posts\/136831\/revisions\/136834"}],"wp:featuredmedia":[{"embeddable":true,"href":"https:\/\/www.elsindical.com.ar\/notas\/wp-json\/wp\/v2\/media\/136832"}],"wp:attachment":[{"href":"https:\/\/www.elsindical.com.ar\/notas\/wp-json\/wp\/v2\/media?parent=136831"}],"wp:term":[{"taxonomy":"category","embeddable":true,"href":"https:\/\/www.elsindical.com.ar\/notas\/wp-json\/wp\/v2\/categories?post=136831"},{"taxonomy":"post_tag","embeddable":true,"href":"https:\/\/www.elsindical.com.ar\/notas\/wp-json\/wp\/v2\/tags?post=136831"}],"curies":[{"name":"wp","href":"https:\/\/api.w.org\/{rel}","templated":true}]}}