{"id":136743,"date":"2025-03-20T19:05:18","date_gmt":"2025-03-20T22:05:18","guid":{"rendered":"https:\/\/www.elsindical.com.ar\/notas\/?p=136743"},"modified":"2025-03-20T19:28:13","modified_gmt":"2025-03-20T22:28:13","slug":"pinamar-grave-denuncia-por-privacion-y-restriccion-de-la-libertad-al-titular-de-la-comisaria-1ra-comisario-moreno-miguel-alfredo","status":"publish","type":"post","link":"https:\/\/www.elsindical.com.ar\/notas\/pinamar-grave-denuncia-por-privacion-y-restriccion-de-la-libertad-al-titular-de-la-comisaria-1ra-comisario-moreno-miguel-alfredo\/","title":{"rendered":"Pinamar: Grave denuncia por privaci\u00f3n y restricci\u00f3n de la libertad al titular de la comisar\u00eda 1ra Comisario Moreno Miguel Alfredo"},"content":{"rendered":"<div class=\"wp-block-image\">\n<figure class=\"aligncenter size-full\"><a href=\"https:\/\/www.elsindical.com.ar\/notas\/var\/www\/html\/notas\/wp-content\/uploads\/2025\/03\/Comisaria-1ra-de-Pinamar.jpg\"><img loading=\"lazy\" decoding=\"async\" width=\"750\" height=\"472\" src=\"https:\/\/www.elsindical.com.ar\/notas\/var\/www\/html\/notas\/wp-content\/uploads\/2025\/03\/Comisaria-1ra-de-Pinamar.jpg\" alt=\"\" class=\"wp-image-136744\" srcset=\"https:\/\/www.elsindical.com.ar\/notas\/var\/www\/html\/notas\/wp-content\/uploads\/2025\/03\/Comisaria-1ra-de-Pinamar.jpg 750w, https:\/\/www.elsindical.com.ar\/notas\/var\/www\/html\/notas\/wp-content\/uploads\/2025\/03\/Comisaria-1ra-de-Pinamar-300x189.jpg 300w\" sizes=\"auto, (max-width: 750px) 100vw, 750px\" \/><\/a><\/figure>\n<\/div>\n\n\n<p>   La irregular y violenta aprehensi\u00f3n de Carina Zabala ocurrida en Pinamar el d\u00eda 08 de febrero del 2025, que casi termina en una pueblada por la indignaci\u00f3n de los vecinos al ver el video en que varios polic\u00edas rodeaban y deten\u00edan a la madre que reclama justicia por la muerte de su hijo, tuvo un vuelco importante.<\/p>\n\n\n\n<p>Seg\u00fan la denuncia judicial que la v\u00edctima realizo frente a la UFI 4 de Pinamar, se desprende del relato de los hechos graves irregularidades en el procedimiento policial, el d\u00eda 07 de febrero del 2025, Zabala hab\u00eda sido demorada por la misma polic\u00eda para consultar con la UFI en turno si se le imputaba el delito de desobediencia y la aprehensi\u00f3n de la misma, por una medida cautelar dispuesta por el Juzgado de Paz de Pinamar, medida judicial de dudosa legalidad por los motivos que expondremos en una nota espec\u00edfica sobre la actuaci\u00f3n del Juzgado de Paz a cargo de la Dra. Silvia Adriana Guglielmetti que tambi\u00e9n deber\u00e1 responder ante sus superiores, por la dudosa actuaci\u00f3n en la forma de administrar justicia.<\/p>\n\n\n\n<p>Al encontrarse la perimetral apelada, su alcance se encuentra suspendido hasta tanto la C\u00e1mara de Apelaciones de Dolores se expida al respecto, situaci\u00f3n que a uno de los imputados Iv\u00e1n Renkine le molesto tanto como para seg\u00fan sus propias palabras en un vivo que hizo, concurrir en 3 oportunidades a la comisar\u00eda a reclamar la detenci\u00f3n de Zabala, lo detengan a \u00e9l o sino iba a hacer \u00abjusticia por mano propia\u00bb al confrontar f\u00edsicamente con la mujer para sacarle el meg\u00e1fono y romperle los carteles pidiendo justicia por su hijo. En el mismo video Renkine tuvo comentarios mis\u00f3genos para con las polic\u00edas mujeres e instaba a otros hombres que participaban a realizar comentarios violentos y descalificativos contra Zabala.<\/p>\n\n\n\n<p>Festejo en ese vivo que finalmente Zabala fuera detenida por la polic\u00eda de una forma violenta e innecesaria en la que fue esposada incluso con un fuerte apriete de las esposas, seg\u00fan los efectivos policiales por orden del Comisario Moreno Miguel Alfredo.<\/p>\n\n\n\n<p>La escena de una violencia institucional impacto en los vecinos que no dudaron en concentrarse en las puestas de la comisar\u00eda para organizar una vig\u00eda y protesta pidiendo la liberaci\u00f3n de Zabala.<\/p>\n\n\n\n<p>Ahora se supo que a diferencia del d\u00eda anterior donde se consult\u00f3 con la UFI en turno que entendi\u00f3 no hab\u00eda delito para imputarle a Carina Zabala, sin consulta alguna el Comisario, orden\u00f3 privar de su libertad y conducir por la fuerza a la madre, procedimiento irregular e ilegal en cuanto excede sus facultades como AUXILIAR DE LA JUSTICIA, quien por su cargo no deber\u00eda desconocer que estaba procediendo de forma ilegal.<\/p>\n\n\n\n<p>El d\u00eda 18 de marzo del 2025, Carina Zabala se present\u00f3 en la UFI 4 para relatar su calvario, ya que a la violencia institucional se suman los comentarios y festejos de uno de los imputados por la muerte de su hijo Iv\u00e1n Renkine y a prima facie, la justicia penal ahora investiga los hechos bajo la car\u00e1tula de <strong>\u00abPRIVACI\u00d3N Y RESTRICCI\u00d3N ILEGAL DE LA LIBERTAD POR FUNCIONARIO P\u00daBLICO AGRAVADA\u00bb<\/strong>, con intervenci\u00f3n de la UFI 5 a cargo del Fiscal Garc\u00eda Sergio Germ\u00e1n y el Juzgado de Garant\u00edas 6 de Villa Gesell, Dr. David Leopoldo Mancinelli.<\/p>\n\n\n\n<p>El m\u00e1s complicado en la investigaci\u00f3n penal, es el <strong>Comisario Moreno Migual Alfredo<\/strong>, Legajo <strong>N\u00b0 023818<\/strong>, DNI 24.006.371, ya que seg\u00fan los otros efectivos policiales involucrados fue \u00e9l quien dio la orden de trasladarla esposada.<\/p>\n\n\n\n<p>Ser\u00e1 trabajo judicial el investigar los motivos por los cuales un jefe policial tira su carrera por la ventana, investigando si existi\u00f3 alg\u00fan tipo de connivencia con otros involucrados en la pretenci\u00f3n de CENSURAR y COACCIONAR a Carina Zabala, investigar las comunicaciones que tuvo antes y despu\u00e9s el titular de la comisar\u00eda y el patrimonio del Comisario, que parece tener una gran capacidad de ahorro para con un sueldo que se encuentra por debajo de la clase media poseer bienes inmuebles.<\/p>\n\n\n\n<p>Para que se tenga dimensi\u00f3n de la gravedad del delito investigado el <strong><em>El art\u00edculo 142 inc. 1\u00ba del C\u00f3digo Penal castiga con reclusi\u00f3n o prisi\u00f3n de dos a seis a\u00f1os al que privare a otro de su libertad personal cuando \u201cel hecho se cometiere con violencias o amenazas\u201d. Esas violencias pueden ser sobre el cuerpo de la v\u00edctima o sobre los terceros que tratan o pueden impedir el hecho, sea por una energ\u00eda f\u00edsica o<br>por un medio equiparado; o amenazando a cualquiera de los sujetos mencionados anunci\u00e1ndole un mal que puede provenir de la actividad del agente o de un tercero a instancias de aqu\u00e9l. La amenaza y la violencia pueden ejercerse tanto para iniciar la privaci\u00f3n de libertad como en cualquier etapa de la permanencia de la acci\u00f3n si est\u00e1n destinadas a mantenerla.<br>V. La violencia consiste en el empleo de fuerza f\u00edsica. En cuanto a las amenazas solo<br>parece necesario decir que deben ser de eficacia para doblegar la voluntad del sujeto<\/em><\/strong><\/p>\n\n\n\n<figure class=\"wp-block-embed is-type-video is-provider-youtube wp-block-embed-youtube wp-embed-aspect-16-9 wp-has-aspect-ratio\"><div class=\"wp-block-embed__wrapper\">\n<iframe loading=\"lazy\" title=\"Grave denuncia al Comisario de la 1ra de Pinamar\" width=\"700\" height=\"394\" src=\"https:\/\/www.youtube.com\/embed\/6rbuIbp5ay8?feature=oembed\" frameborder=\"0\" allow=\"accelerometer; autoplay; clipboard-write; encrypted-media; gyroscope; picture-in-picture; web-share\" referrerpolicy=\"strict-origin-when-cross-origin\" allowfullscreen><\/iframe>\n<\/div><\/figure>\n\n\n\n<p>Por Marcelo Ricardo Hawrylciw<\/p>\n","protected":false},"excerpt":{"rendered":"<p>La irregular y violenta aprehensi\u00f3n de Carina Zabala ocurrida en Pinamar el d\u00eda 08 de febrero del 2025, que casi termina en una pueblada por la indignaci\u00f3n de los vecinos al ver el video en que varios polic\u00edas rodeaban y deten\u00edan a la madre que reclama justicia por la muerte de su hijo, tuvo un&hellip;<\/p>\n","protected":false},"author":1,"featured_media":136744,"comment_status":"open","ping_status":"open","sticky":false,"template":"","format":"standard","meta":{"footnotes":""},"categories":[6,20,22],"tags":[44934,44665,44667,44679,44933,1516],"class_list":["post-136743","post","type-post","status-publish","format-standard","has-post-thumbnail","hentry","category-denuncias","category-judiciales","category-policiales","tag-comisaria-1ra-de-pinamar","tag-fausto-maldonado","tag-ivan-renkine","tag-juzgado-de-paz-de-pinamar","tag-moreno-miguel-aldredo","tag-pinamar"],"_links":{"self":[{"href":"https:\/\/www.elsindical.com.ar\/notas\/wp-json\/wp\/v2\/posts\/136743","targetHints":{"allow":["GET"]}}],"collection":[{"href":"https:\/\/www.elsindical.com.ar\/notas\/wp-json\/wp\/v2\/posts"}],"about":[{"href":"https:\/\/www.elsindical.com.ar\/notas\/wp-json\/wp\/v2\/types\/post"}],"author":[{"embeddable":true,"href":"https:\/\/www.elsindical.com.ar\/notas\/wp-json\/wp\/v2\/users\/1"}],"replies":[{"embeddable":true,"href":"https:\/\/www.elsindical.com.ar\/notas\/wp-json\/wp\/v2\/comments?post=136743"}],"version-history":[{"count":2,"href":"https:\/\/www.elsindical.com.ar\/notas\/wp-json\/wp\/v2\/posts\/136743\/revisions"}],"predecessor-version":[{"id":136747,"href":"https:\/\/www.elsindical.com.ar\/notas\/wp-json\/wp\/v2\/posts\/136743\/revisions\/136747"}],"wp:featuredmedia":[{"embeddable":true,"href":"https:\/\/www.elsindical.com.ar\/notas\/wp-json\/wp\/v2\/media\/136744"}],"wp:attachment":[{"href":"https:\/\/www.elsindical.com.ar\/notas\/wp-json\/wp\/v2\/media?parent=136743"}],"wp:term":[{"taxonomy":"category","embeddable":true,"href":"https:\/\/www.elsindical.com.ar\/notas\/wp-json\/wp\/v2\/categories?post=136743"},{"taxonomy":"post_tag","embeddable":true,"href":"https:\/\/www.elsindical.com.ar\/notas\/wp-json\/wp\/v2\/tags?post=136743"}],"curies":[{"name":"wp","href":"https:\/\/api.w.org\/{rel}","templated":true}]}}