{"id":136732,"date":"2025-03-20T12:12:52","date_gmt":"2025-03-20T15:12:52","guid":{"rendered":"https:\/\/www.elsindical.com.ar\/notas\/?p=136732"},"modified":"2025-03-20T12:12:56","modified_gmt":"2025-03-20T15:12:56","slug":"la-linea-de-colectivo-421-que-unia-avellaneda-con-monte-grande-dejo-de-operar","status":"publish","type":"post","link":"https:\/\/www.elsindical.com.ar\/notas\/la-linea-de-colectivo-421-que-unia-avellaneda-con-monte-grande-dejo-de-operar\/","title":{"rendered":"La l\u00ednea de colectivo 421 que un\u00eda Avellaneda con Monte Grande dej\u00f3 de operar"},"content":{"rendered":"<div class=\"wp-block-image\">\n<figure class=\"aligncenter size-full\"><a href=\"https:\/\/www.elsindical.com.ar\/notas\/var\/www\/html\/notas\/wp-content\/uploads\/2025\/03\/colectivo-linea-421.jpg\"><img loading=\"lazy\" decoding=\"async\" width=\"674\" height=\"370\" src=\"https:\/\/www.elsindical.com.ar\/notas\/var\/www\/html\/notas\/wp-content\/uploads\/2025\/03\/colectivo-linea-421.jpg\" alt=\"\" class=\"wp-image-136733\" srcset=\"https:\/\/www.elsindical.com.ar\/notas\/var\/www\/html\/notas\/wp-content\/uploads\/2025\/03\/colectivo-linea-421.jpg 674w, https:\/\/www.elsindical.com.ar\/notas\/var\/www\/html\/notas\/wp-content\/uploads\/2025\/03\/colectivo-linea-421-300x165.jpg 300w\" sizes=\"auto, (max-width: 674px) 100vw, 674px\" \/><\/a><\/figure>\n<\/div>\n\n\n<p>La l\u00ednea 421, operada por la empresa DOTA, contaba con dos recorridos que un\u00edan las localidades de Avellaneda y Monte Grande, pasando por Lomas de Zamora.<\/p>\n\n\n\n<p>La l\u00ednea de colectivos 421, que conectaba los partidos de <strong>Avellaneda<\/strong> con <strong>Monte Grande<\/strong> y tambi\u00e9n recorr\u00eda <strong>Lomas de Zamora<\/strong>, dej\u00f3 de operar desde ayer, 19 de marzo de 2025. La noticia fue comunicada a los pasajeros mediante carteles colocados en las unidades y terminales, informando que \u201ca partir del d\u00eda 19\/03\/2025 la L\u00ednea 421 dejar\u00e1 de funcionar\u201d.&nbsp;<\/p>\n\n\n\n<p>Los motivos del cese del servicio no fueron aclarados, generando incertidumbre entre los usuarios frecuentes de la l\u00ednea. Adem\u00e1s, <strong>no se inform\u00f3 una fecha para la posible reanudaci\u00f3n del servicio.&nbsp;<\/strong><\/p>\n\n\n\n<p>La l\u00ednea 421, operada por la empresa DOTA, contaba con dos recorridos que un\u00edan las localidades de Avellaneda y Monte Grande, pasando por Lomas de Zamora. <strong>Uno de sus ramales atravesaba Camino Negro y otro segu\u00eda el Camino de la Ribera, permitiendo a los vecinos de la zona sur desplazarse sin necesidad de pasar por los grandes centros urbanos.&nbsp;<\/strong><\/p>\n\n\n\n<p>Ante esta situaci\u00f3n, los pasajeros habituales de la l\u00ednea deber\u00e1n buscar alternativas de transporte para cubrir sus trayectos habituales. Una opci\u00f3n es trasladarse hasta el centro de Lomas de Zamora para combinar con el servicio de tren.&nbsp;<\/p>\n","protected":false},"excerpt":{"rendered":"<p>La l\u00ednea 421, operada por la empresa DOTA, contaba con dos recorridos que un\u00edan las localidades de Avellaneda y Monte Grande, pasando por Lomas de Zamora. La l\u00ednea de colectivos 421, que conectaba los partidos de Avellaneda con Monte Grande y tambi\u00e9n recorr\u00eda Lomas de Zamora, dej\u00f3 de operar desde ayer, 19 de marzo de&hellip;<\/p>\n","protected":false},"author":1,"featured_media":136733,"comment_status":"open","ping_status":"open","sticky":false,"template":"","format":"standard","meta":{"footnotes":""},"categories":[25],"tags":[461,2450,5027,44930,1681],"class_list":["post-136732","post","type-post","status-publish","format-standard","has-post-thumbnail","hentry","category-sociedad","tag-avellaneda","tag-diario-el-sindical","tag-dota","tag-linea-de-colectivo-421","tag-monte-grande"],"_links":{"self":[{"href":"https:\/\/www.elsindical.com.ar\/notas\/wp-json\/wp\/v2\/posts\/136732","targetHints":{"allow":["GET"]}}],"collection":[{"href":"https:\/\/www.elsindical.com.ar\/notas\/wp-json\/wp\/v2\/posts"}],"about":[{"href":"https:\/\/www.elsindical.com.ar\/notas\/wp-json\/wp\/v2\/types\/post"}],"author":[{"embeddable":true,"href":"https:\/\/www.elsindical.com.ar\/notas\/wp-json\/wp\/v2\/users\/1"}],"replies":[{"embeddable":true,"href":"https:\/\/www.elsindical.com.ar\/notas\/wp-json\/wp\/v2\/comments?post=136732"}],"version-history":[{"count":1,"href":"https:\/\/www.elsindical.com.ar\/notas\/wp-json\/wp\/v2\/posts\/136732\/revisions"}],"predecessor-version":[{"id":136734,"href":"https:\/\/www.elsindical.com.ar\/notas\/wp-json\/wp\/v2\/posts\/136732\/revisions\/136734"}],"wp:featuredmedia":[{"embeddable":true,"href":"https:\/\/www.elsindical.com.ar\/notas\/wp-json\/wp\/v2\/media\/136733"}],"wp:attachment":[{"href":"https:\/\/www.elsindical.com.ar\/notas\/wp-json\/wp\/v2\/media?parent=136732"}],"wp:term":[{"taxonomy":"category","embeddable":true,"href":"https:\/\/www.elsindical.com.ar\/notas\/wp-json\/wp\/v2\/categories?post=136732"},{"taxonomy":"post_tag","embeddable":true,"href":"https:\/\/www.elsindical.com.ar\/notas\/wp-json\/wp\/v2\/tags?post=136732"}],"curies":[{"name":"wp","href":"https:\/\/api.w.org\/{rel}","templated":true}]}}