{"id":136716,"date":"2025-03-19T12:14:38","date_gmt":"2025-03-19T15:14:38","guid":{"rendered":"https:\/\/www.elsindical.com.ar\/notas\/?p=136716"},"modified":"2025-03-19T12:14:44","modified_gmt":"2025-03-19T15:14:44","slug":"telecentro-denuncio-la-adquisicion-de-telefonica-argentina-por-parte-de-telecom-ante-la-cndc","status":"publish","type":"post","link":"https:\/\/www.elsindical.com.ar\/notas\/telecentro-denuncio-la-adquisicion-de-telefonica-argentina-por-parte-de-telecom-ante-la-cndc\/","title":{"rendered":"Telecentro denunci\u00f3 la adquisici\u00f3n de Telef\u00f3nica Argentina por parte de Telecom ante la\u00a0CNDC"},"content":{"rendered":"<div class=\"wp-block-image\">\n<figure class=\"aligncenter size-full\"><a href=\"https:\/\/www.elsindical.com.ar\/notas\/var\/www\/html\/notas\/wp-content\/uploads\/2021\/01\/Grupo-Telecom.jpg\"><img loading=\"lazy\" decoding=\"async\" width=\"642\" height=\"367\" src=\"https:\/\/www.elsindical.com.ar\/notas\/var\/www\/html\/notas\/wp-content\/uploads\/2021\/01\/Grupo-Telecom.jpg\" alt=\"\" class=\"wp-image-101965\" srcset=\"https:\/\/www.elsindical.com.ar\/notas\/var\/www\/html\/notas\/wp-content\/uploads\/2021\/01\/Grupo-Telecom.jpg 642w, https:\/\/www.elsindical.com.ar\/notas\/var\/www\/html\/notas\/wp-content\/uploads\/2021\/01\/Grupo-Telecom-300x171.jpg 300w, https:\/\/www.elsindical.com.ar\/notas\/var\/www\/html\/notas\/wp-content\/uploads\/2021\/01\/Grupo-Telecom-500x286.jpg 500w, https:\/\/www.elsindical.com.ar\/notas\/var\/www\/html\/notas\/wp-content\/uploads\/2021\/01\/Grupo-Telecom-220x126.jpg 220w\" sizes=\"auto, (max-width: 642px) 100vw, 642px\" \/><\/a><\/figure>\n<\/div>\n\n\n<p>La empresa de telecomunicaciones present\u00f3 una denuncia ante la CNDC contra la adquisici\u00f3n de Telef\u00f3nica Argentina por parte de Telecom, advirtiendo que la operaci\u00f3n podr\u00eda generar una concentraci\u00f3n monop\u00f3lica en el sector. La empresa de telecomunicaciones Telecentro present\u00f3 una denuncia formal ante la Comisi\u00f3n Nacional de Defensa de la Competencia (CNDC) contra Telecom.<\/p>\n\n\n\n<p>La empresa de telecomunicaciones present\u00f3 una denuncia ante la CNDC contra la adquisici\u00f3n de Telef\u00f3nica Argentina por parte de Telecom, advirtiendo que la operaci\u00f3n podr\u00eda generar una concentraci\u00f3n monop\u00f3lica en el sector.<\/p>\n\n\n\n<p>La empresa de telecomunicaciones Telecentro present\u00f3 una denuncia formal ante la Comisi\u00f3n Nacional de Defensa de la Competencia (CNDC) contra Telecom, tras la adquisici\u00f3n de Telef\u00f3nica Argentina. Telecentro argumenta que esta operaci\u00f3n podr\u00eda generar una concentraci\u00f3n econ\u00f3mica excesiva y configurar un monopolio ilegal en el mercado de las telecomunicaciones.<\/p>\n\n\n\n<p>Seg\u00fan la denuncia, la fusi\u00f3n otorgar\u00eda a Telecom una posici\u00f3n dominante en diversos servicios. En telefon\u00eda fija, la entidad fusionada controlar\u00eda aproximadamente el 79% del mercado; en telefon\u00eda m\u00f3vil, alrededor del 61%; en internet de banda ancha, el 48%; y en televisi\u00f3n por suscripci\u00f3n, el 42%. Telecentro sostiene que esta concentraci\u00f3n afectar\u00eda negativamente la competencia y perjudicar\u00eda el inter\u00e9s econ\u00f3mico general.<\/p>\n\n\n\n<p>La empresa tambi\u00e9n se\u00f1ala que, en algunos servicios de Tecnolog\u00edas de la Informaci\u00f3n y la Comunicaci\u00f3n (TIC), Telecom ostentar\u00eda un monopolio, lo cual estar\u00eda en contravenci\u00f3n de los art\u00edculos 1 y 9 de la Ley 27.442. Por ello, solicita a la CNDC una investigaci\u00f3n exhaustiva de los aspectos econ\u00f3micos, financieros y t\u00e9cnicos de la fusi\u00f3n para evaluar su impacto en el mercado.<\/p>\n\n\n\n<p>Telecentro insta a las autoridades a determinar si esta concentraci\u00f3n vulnera las leyes de defensa de la competencia, afectando negativamente a los usuarios y limitando las opciones en el mercado de telecomunicaciones en Argentina. La resoluci\u00f3n de esta denuncia ser\u00e1 crucial para el futuro del sector y la protecci\u00f3n de los consumidores.<\/p>\n","protected":false},"excerpt":{"rendered":"<p>La empresa de telecomunicaciones present\u00f3 una denuncia ante la CNDC contra la adquisici\u00f3n de Telef\u00f3nica Argentina por parte de Telecom, advirtiendo que la operaci\u00f3n podr\u00eda generar una concentraci\u00f3n monop\u00f3lica en el sector. La empresa de telecomunicaciones Telecentro present\u00f3 una denuncia formal ante la Comisi\u00f3n Nacional de Defensa de la Competencia (CNDC) contra Telecom. La empresa&hellip;<\/p>\n","protected":false},"author":1,"featured_media":101965,"comment_status":"open","ping_status":"open","sticky":false,"template":"","format":"standard","meta":{"footnotes":""},"categories":[6,28],"tags":[39714,175,2450,44924,1455,9966,3763,1318],"class_list":["post-136716","post","type-post","status-publish","format-standard","has-post-thumbnail","hentry","category-denuncias","category-empresariales","tag-cndc","tag-denuncia","tag-diario-el-sindical","tag-marcado-de-las-telecomunicaciones","tag-noticias","tag-telecentro","tag-telecom","tag-telefonica"],"_links":{"self":[{"href":"https:\/\/www.elsindical.com.ar\/notas\/wp-json\/wp\/v2\/posts\/136716","targetHints":{"allow":["GET"]}}],"collection":[{"href":"https:\/\/www.elsindical.com.ar\/notas\/wp-json\/wp\/v2\/posts"}],"about":[{"href":"https:\/\/www.elsindical.com.ar\/notas\/wp-json\/wp\/v2\/types\/post"}],"author":[{"embeddable":true,"href":"https:\/\/www.elsindical.com.ar\/notas\/wp-json\/wp\/v2\/users\/1"}],"replies":[{"embeddable":true,"href":"https:\/\/www.elsindical.com.ar\/notas\/wp-json\/wp\/v2\/comments?post=136716"}],"version-history":[{"count":1,"href":"https:\/\/www.elsindical.com.ar\/notas\/wp-json\/wp\/v2\/posts\/136716\/revisions"}],"predecessor-version":[{"id":136717,"href":"https:\/\/www.elsindical.com.ar\/notas\/wp-json\/wp\/v2\/posts\/136716\/revisions\/136717"}],"wp:featuredmedia":[{"embeddable":true,"href":"https:\/\/www.elsindical.com.ar\/notas\/wp-json\/wp\/v2\/media\/101965"}],"wp:attachment":[{"href":"https:\/\/www.elsindical.com.ar\/notas\/wp-json\/wp\/v2\/media?parent=136716"}],"wp:term":[{"taxonomy":"category","embeddable":true,"href":"https:\/\/www.elsindical.com.ar\/notas\/wp-json\/wp\/v2\/categories?post=136716"},{"taxonomy":"post_tag","embeddable":true,"href":"https:\/\/www.elsindical.com.ar\/notas\/wp-json\/wp\/v2\/tags?post=136716"}],"curies":[{"name":"wp","href":"https:\/\/api.w.org\/{rel}","templated":true}]}}