{"id":136689,"date":"2025-03-17T16:37:59","date_gmt":"2025-03-17T19:37:59","guid":{"rendered":"https:\/\/www.elsindical.com.ar\/notas\/?p=136689"},"modified":"2025-03-17T16:38:05","modified_gmt":"2025-03-17T19:38:05","slug":"julio-garro-fue-imputado-y-su-casa-allanada-por-corrupcion","status":"publish","type":"post","link":"https:\/\/www.elsindical.com.ar\/notas\/julio-garro-fue-imputado-y-su-casa-allanada-por-corrupcion\/","title":{"rendered":"Julio Garro fue imputado y su casa allanada por corrupci\u00f3n"},"content":{"rendered":"<div class=\"wp-block-image\">\n<figure class=\"aligncenter size-full\"><a href=\"https:\/\/www.elsindical.com.ar\/notas\/var\/www\/html\/notas\/wp-content\/uploads\/2025\/03\/Julio-Garro-despacho.jpg\"><img loading=\"lazy\" decoding=\"async\" width=\"700\" height=\"474\" src=\"https:\/\/www.elsindical.com.ar\/notas\/var\/www\/html\/notas\/wp-content\/uploads\/2025\/03\/Julio-Garro-despacho.jpg\" alt=\"\" class=\"wp-image-136690\" srcset=\"https:\/\/www.elsindical.com.ar\/notas\/var\/www\/html\/notas\/wp-content\/uploads\/2025\/03\/Julio-Garro-despacho.jpg 700w, https:\/\/www.elsindical.com.ar\/notas\/var\/www\/html\/notas\/wp-content\/uploads\/2025\/03\/Julio-Garro-despacho-300x203.jpg 300w\" sizes=\"auto, (max-width: 700px) 100vw, 700px\" \/><\/a><\/figure>\n<\/div>\n\n\n<p>El exintendente y exfuncionario nacional est\u00e1 involucrado en la causa que investiga desmanejos y precios inflados en desarrollos inmobiliarios. La medida fue ordenada por el fiscal Juan Cruz Condom\u00ed Alcorta.<\/p>\n\n\n\n<p>El exjefe comunal Julio Garro sufri\u00f3 un rev\u00e9s judicial en una causa que investiga la connivencia de una serie de figuras pol\u00edticas y empresas privadas en torno a presuntos desmanejos en torno a desarrollos inmobiliarios en la periferia de la capital provincial.<br><br>\u00a0La causa la trata la UFI 16 de la ciudad de La Plata, a cargo del juez Juan Cruz Condom\u00ed Alcorta, quien orden\u00f3 a la polic\u00eda de la provincia de Buenos Aires a realizar un allanamiento en el domicilio del exsubsecretario de Deportes de la Naci\u00f3n, bajo la \u00f3rbita de Daniel Scioli.<br><br>Adem\u00e1s del exalcalde de la capital bonaerense, hay otras siete personas imputadas en el esc\u00e1ndalo judicial. Todos son investigados por asociaci\u00f3n il\u00edcita, incumplimiento de los deberes de funcionario publico, falsedad Ideol\u00f3gica de documento p\u00fablico, y administraci\u00f3n fraudulenta. A su vez, hay cuatro empresas vinculadas en la investigaci\u00f3n.<br><br>Otra de las aristas que se investigan est\u00e1 relacionada a que la firma de Julio Garro se encuentra en varios convenios urban\u00edsticos desarrollados en La Plata. Desde la actual gesti\u00f3n municipal detectaron estas irregularidades y motivaron a realizar la demanda penal.<br><br>En un fragmento de la imputaci\u00f3n el escrito se\u00f1ala que \u201cdesde el 10 de diciembre del a\u00f1o 2015 hasta el 10 de diciembre del 2023, varios funcionarios p\u00fablicos de la Municipalidad de La Plata, en connivencia con empresarios particulares, aun no individualizados en su totalidad, los que cumpliendo distintos roles y funciones, viabilizaron simulando legitimidad m\u00faltiples desarrollos urban\u00edsticos en zonas no permitidas, las cuales no contaban con la correspondiente autorizaci\u00f3n provincial respectiva para cada emprendimiento\u201d.<br><br>\u201cEsto lo habr\u00edan realizado tanto en beneficio propio como de distintas empresas \/ desarrolladoras intervinientes, por un monto aproximado de mil quinientos millones de d\u00f3lares, ocasionando con su accionar un perjuicio econ\u00f3mico tanto a los adquirentes de dichos inmuebles como al municipio en un monto estimado en $700.000 millones de pesos\u201d, continu\u00f3 el fiscal Condom\u00ed Alcorta.<br><br>Adem\u00e1s de Garro, tambi\u00e9n est\u00e1n imputados Mar\u00eda Jos\u00e9 Botta y Marcelo Genoro, ex funcionarios de las \u00e1reas de Planeamiento Urbano y Obras Viales de la ciudad de La Plata.<\/p>\n","protected":false},"excerpt":{"rendered":"<p>El exintendente y exfuncionario nacional est\u00e1 involucrado en la causa que investiga desmanejos y precios inflados en desarrollos inmobiliarios. La medida fue ordenada por el fiscal Juan Cruz Condom\u00ed Alcorta. El exjefe comunal Julio Garro sufri\u00f3 un rev\u00e9s judicial en una causa que investiga la connivencia de una serie de figuras pol\u00edticas y empresas privadas&hellip;<\/p>\n","protected":false},"author":1,"featured_media":136690,"comment_status":"open","ping_status":"open","sticky":false,"template":"","format":"standard","meta":{"footnotes":""},"categories":[20],"tags":[138,1451,2450,8180,24224,239],"class_list":["post-136689","post","type-post","status-publish","format-standard","has-post-thumbnail","hentry","category-judiciales","tag-allanamiento","tag-corrupcion","tag-diario-el-sindical","tag-fiscal-juan-cruz-condomi-alcorta","tag-julio-garro","tag-la-plata"],"_links":{"self":[{"href":"https:\/\/www.elsindical.com.ar\/notas\/wp-json\/wp\/v2\/posts\/136689","targetHints":{"allow":["GET"]}}],"collection":[{"href":"https:\/\/www.elsindical.com.ar\/notas\/wp-json\/wp\/v2\/posts"}],"about":[{"href":"https:\/\/www.elsindical.com.ar\/notas\/wp-json\/wp\/v2\/types\/post"}],"author":[{"embeddable":true,"href":"https:\/\/www.elsindical.com.ar\/notas\/wp-json\/wp\/v2\/users\/1"}],"replies":[{"embeddable":true,"href":"https:\/\/www.elsindical.com.ar\/notas\/wp-json\/wp\/v2\/comments?post=136689"}],"version-history":[{"count":1,"href":"https:\/\/www.elsindical.com.ar\/notas\/wp-json\/wp\/v2\/posts\/136689\/revisions"}],"predecessor-version":[{"id":136691,"href":"https:\/\/www.elsindical.com.ar\/notas\/wp-json\/wp\/v2\/posts\/136689\/revisions\/136691"}],"wp:featuredmedia":[{"embeddable":true,"href":"https:\/\/www.elsindical.com.ar\/notas\/wp-json\/wp\/v2\/media\/136690"}],"wp:attachment":[{"href":"https:\/\/www.elsindical.com.ar\/notas\/wp-json\/wp\/v2\/media?parent=136689"}],"wp:term":[{"taxonomy":"category","embeddable":true,"href":"https:\/\/www.elsindical.com.ar\/notas\/wp-json\/wp\/v2\/categories?post=136689"},{"taxonomy":"post_tag","embeddable":true,"href":"https:\/\/www.elsindical.com.ar\/notas\/wp-json\/wp\/v2\/tags?post=136689"}],"curies":[{"name":"wp","href":"https:\/\/api.w.org\/{rel}","templated":true}]}}