{"id":136668,"date":"2025-03-16T10:23:31","date_gmt":"2025-03-16T13:23:31","guid":{"rendered":"https:\/\/www.elsindical.com.ar\/notas\/?p=136668"},"modified":"2025-03-16T10:23:38","modified_gmt":"2025-03-16T13:23:38","slug":"lorena-villaverde-la-diputada-de-milei-con-causas-por-narcotrafico-lavado-de-dinero-y-estafas","status":"publish","type":"post","link":"https:\/\/www.elsindical.com.ar\/notas\/lorena-villaverde-la-diputada-de-milei-con-causas-por-narcotrafico-lavado-de-dinero-y-estafas\/","title":{"rendered":"Lorena Villaverde la diputada de Milei con causas por narcotr\u00e1fico, lavado de dinero y estafas"},"content":{"rendered":"<div class=\"wp-block-image\">\n<figure class=\"aligncenter size-full\"><a href=\"https:\/\/www.elsindical.com.ar\/notas\/var\/www\/html\/notas\/wp-content\/uploads\/2025\/03\/Lorena-Villaverde-en-el-Congreso.jpg\"><img loading=\"lazy\" decoding=\"async\" width=\"700\" height=\"467\" src=\"https:\/\/www.elsindical.com.ar\/notas\/var\/www\/html\/notas\/wp-content\/uploads\/2025\/03\/Lorena-Villaverde-en-el-Congreso.jpg\" alt=\"\" class=\"wp-image-136669\" srcset=\"https:\/\/www.elsindical.com.ar\/notas\/var\/www\/html\/notas\/wp-content\/uploads\/2025\/03\/Lorena-Villaverde-en-el-Congreso.jpg 700w, https:\/\/www.elsindical.com.ar\/notas\/var\/www\/html\/notas\/wp-content\/uploads\/2025\/03\/Lorena-Villaverde-en-el-Congreso-300x200.jpg 300w\" sizes=\"auto, (max-width: 700px) 100vw, 700px\" \/><\/a><\/figure>\n<\/div>\n\n\n<p>   Los estafadores de LLA, que pregonan el que las hace las paga y la ficha limpia, mientras comen con Ritondo, tienen a una de sus diputadas con varias imputaciones penales no solo en la Argentina sino tambi\u00e9n en los EEUU por delitos graves.<\/p>\n\n\n\n<p>El exministro de Justicia mostr\u00f3 en la C\u00e1mara Baja una documentaci\u00f3n tramitada en Florida, Estados Unidos, que complica a la representante libertaria. Tambi\u00e9n la acusa de un caso por estafas y lavado de dinero en R\u00edo Negro.<\/p>\n\n\n\n<p>Un nuevo round tuvo lugar el mi\u00e9rcoles pasado en la C\u00e1mara de Diputados entre el legislador de Uni\u00f3n por la Patria, Mart\u00edn Soria, y su par de La Libertad Avanza, Lorena Villaverde. <strong>El exministro de Justicia le record\u00f3 a la representante libertaria una causa por tenencia de coca\u00edna que tiene en Florida, Estados Unidos, y exhibi\u00f3 pruebas de ello en el recinto<\/strong>.<\/p>\n\n\n\n<p>Retomando una fuerte discusi\u00f3n que ambos tuvieron el pasado 12 de febrero -cuando Villaverde utiliz\u00f3 su cuesti\u00f3n de privilegio para cargar contra la hermana de Soria y actual intendenta de General Roca, Mar\u00eda Emilia Soria, por sacar r\u00e9dito de la emergencia ambiental por los incendios en la Patagonia- el diputado remarc\u00f3: \u00abLamento que la diputada preopinante que habl\u00f3 de mi familia refiri\u00e9ndose a un &#8216;clan&#8217; y lamento que la parlamentaria no sea asesorada por sus pares\u00bb.<\/p>\n\n\n\n<p>Luego, fue directo al grano: \u00ab<strong>Muchos periodistas argentinos me preguntaban por qu\u00e9 habl\u00e9 de narcotr\u00e1fico en la \u00faltima sesi\u00f3n<\/strong>, cuando tambi\u00e9n le respond\u00ed a la diputada de mi provincia\u00bb. Para ese entonces, algunos legisladores de LLA comenzaron a irse del recinto, mientras Soria le hablaba al titular de la C\u00e1mara, Mart\u00edn Menem.<\/p>\n\n\n<div class=\"wp-block-image\">\n<figure class=\"aligncenter size-full\"><a href=\"https:\/\/www.elsindical.com.ar\/notas\/var\/www\/html\/notas\/wp-content\/uploads\/2025\/03\/Milei-y-Villaverde.jpg\"><img loading=\"lazy\" decoding=\"async\" width=\"723\" height=\"457\" src=\"https:\/\/www.elsindical.com.ar\/notas\/var\/www\/html\/notas\/wp-content\/uploads\/2025\/03\/Milei-y-Villaverde.jpg\" alt=\"\" class=\"wp-image-136670\" srcset=\"https:\/\/www.elsindical.com.ar\/notas\/var\/www\/html\/notas\/wp-content\/uploads\/2025\/03\/Milei-y-Villaverde.jpg 723w, https:\/\/www.elsindical.com.ar\/notas\/var\/www\/html\/notas\/wp-content\/uploads\/2025\/03\/Milei-y-Villaverde-300x190.jpg 300w\" sizes=\"auto, (max-width: 723px) 100vw, 723px\" \/><\/a><\/figure>\n<\/div>\n\n\n<p><strong>\u00abTr\u00e1fico de coca\u00edna, de 400 a 150 kilogramos\u00bb<\/strong>, ley\u00f3 el legislador con una documentaci\u00f3n en la mano y ante los murmullos que comenzaban a retumbar. Y sigui\u00f3: \u00ab<strong>Perfil de la delincuente, Mar\u00eda Lorena Villaverde<\/strong> con fecha del a\u00f1o 2002, con identificaci\u00f3n del caso 58-58- 2002-CF, categor\u00eda delito penal, julio de 2002, c\u00f3digo de infracci\u00f3n, departamento de aplicaci\u00f3n de la ley OA\u00bb y la descripci\u00f3n del delito era \u00abtr\u00e1fico de coca\u00edna\u00bb.<\/p>\n\n\n\n<p>Tras enumerar estos datos, Soria lament\u00f3 \u00abtener que mostrar estas cosas de un miembro de esta C\u00e1mara o de una diputada, pero como me ataca personalmente cada vez que puede, no s\u00e9 qu\u00e9 problema tiene. <strong>Pero tambi\u00e9n dije que esta diputada tiene problemas con la justicia actualmente, no solamente con el narcotr\u00e1fico<\/strong>\u00ab.<\/p>\n\n\n\n<p>El exintendente de Roca aport\u00f3 a\u00fan m\u00e1s informaci\u00f3n e hizo referencia a otras causas que estar\u00edan en tr\u00e1mite en la justicia rionegrina que tendr\u00edan como protagonista a la libertaria: <strong>\u00abAvanza causa contra la liberal Villaverde por estafas\u00bb<\/strong>, ley\u00f3 Soria mencionando al diario que public\u00f3 la nota sobre el expediente en tr\u00e1mite, adem\u00e1s de referirse a las denuncias por venta de terrenos en Las Grutas, en R\u00edo Negro. Por \u00faltimo, como si fuera poco, se refiri\u00f3 a una causa del a\u00f1o 2017, tramitada por un juzgado Federal que orden\u00f3 un allanamiento por <strong>lavado de dinero<\/strong>, que tambi\u00e9n involucra a Villaverde.<\/p>\n\n\n\n<figure class=\"wp-block-embed is-type-video is-provider-youtube wp-block-embed-youtube wp-embed-aspect-16-9 wp-has-aspect-ratio\"><div class=\"wp-block-embed__wrapper\">\n<iframe loading=\"lazy\" title=\"Soria mostr\u00f3 pruebas de la denuncia contra Villaverde por narcotr\u00e1fico\" width=\"700\" height=\"394\" src=\"https:\/\/www.youtube.com\/embed\/busN3XT0Xlo?start=9&#038;feature=oembed\" frameborder=\"0\" allow=\"accelerometer; autoplay; clipboard-write; encrypted-media; gyroscope; picture-in-picture; web-share\" referrerpolicy=\"strict-origin-when-cross-origin\" allowfullscreen><\/iframe>\n<\/div><\/figure>\n","protected":false},"excerpt":{"rendered":"<p>Los estafadores de LLA, que pregonan el que las hace las paga y la ficha limpia, mientras comen con Ritondo, tienen a una de sus diputadas con varias imputaciones penales no solo en la Argentina sino tambi\u00e9n en los EEUU por delitos graves. El exministro de Justicia mostr\u00f3 en la C\u00e1mara Baja una documentaci\u00f3n tramitada&hellip;<\/p>\n","protected":false},"author":1,"featured_media":136669,"comment_status":"open","ping_status":"open","sticky":false,"template":"","format":"standard","meta":{"footnotes":""},"categories":[13],"tags":[14466,2450,141,44091,28812,19823,40628,44914,40129,204],"class_list":["post-136668","post","type-post","status-publish","format-standard","has-post-thumbnail","hentry","category-politica","tag-cristian-ritondo","tag-diario-el-sindical","tag-eeuu","tag-ficha-limpia","tag-javier-milei","tag-lavado-de-activos","tag-lla","tag-lorena-villaverde","tag-martin-menem","tag-narcotrafico"],"_links":{"self":[{"href":"https:\/\/www.elsindical.com.ar\/notas\/wp-json\/wp\/v2\/posts\/136668","targetHints":{"allow":["GET"]}}],"collection":[{"href":"https:\/\/www.elsindical.com.ar\/notas\/wp-json\/wp\/v2\/posts"}],"about":[{"href":"https:\/\/www.elsindical.com.ar\/notas\/wp-json\/wp\/v2\/types\/post"}],"author":[{"embeddable":true,"href":"https:\/\/www.elsindical.com.ar\/notas\/wp-json\/wp\/v2\/users\/1"}],"replies":[{"embeddable":true,"href":"https:\/\/www.elsindical.com.ar\/notas\/wp-json\/wp\/v2\/comments?post=136668"}],"version-history":[{"count":1,"href":"https:\/\/www.elsindical.com.ar\/notas\/wp-json\/wp\/v2\/posts\/136668\/revisions"}],"predecessor-version":[{"id":136671,"href":"https:\/\/www.elsindical.com.ar\/notas\/wp-json\/wp\/v2\/posts\/136668\/revisions\/136671"}],"wp:featuredmedia":[{"embeddable":true,"href":"https:\/\/www.elsindical.com.ar\/notas\/wp-json\/wp\/v2\/media\/136669"}],"wp:attachment":[{"href":"https:\/\/www.elsindical.com.ar\/notas\/wp-json\/wp\/v2\/media?parent=136668"}],"wp:term":[{"taxonomy":"category","embeddable":true,"href":"https:\/\/www.elsindical.com.ar\/notas\/wp-json\/wp\/v2\/categories?post=136668"},{"taxonomy":"post_tag","embeddable":true,"href":"https:\/\/www.elsindical.com.ar\/notas\/wp-json\/wp\/v2\/tags?post=136668"}],"curies":[{"name":"wp","href":"https:\/\/api.w.org\/{rel}","templated":true}]}}