{"id":136657,"date":"2025-03-15T14:47:31","date_gmt":"2025-03-15T17:47:31","guid":{"rendered":"https:\/\/www.elsindical.com.ar\/notas\/?p=136657"},"modified":"2025-03-15T14:47:37","modified_gmt":"2025-03-15T17:47:37","slug":"la-onu-insto-al-gobierno-de-javier-milei-a-investigar-la-represion-del-miercoles-en-congreso","status":"publish","type":"post","link":"https:\/\/www.elsindical.com.ar\/notas\/la-onu-insto-al-gobierno-de-javier-milei-a-investigar-la-represion-del-miercoles-en-congreso\/","title":{"rendered":"La ONU inst\u00f3 al gobierno de Javier Milei a \u00abinvestigar\u00bb la represi\u00f3n del mi\u00e9rcoles en Congreso"},"content":{"rendered":"\n<figure class=\"wp-block-image size-large\"><a href=\"https:\/\/www.elsindical.com.ar\/notas\/var\/www\/html\/notas\/wp-content\/uploads\/2025\/03\/ONU.jpg\"><img loading=\"lazy\" decoding=\"async\" width=\"1024\" height=\"683\" src=\"https:\/\/www.elsindical.com.ar\/notas\/var\/www\/html\/notas\/wp-content\/uploads\/2025\/03\/ONU-1024x683.jpg\" alt=\"\" class=\"wp-image-136658\" srcset=\"https:\/\/www.elsindical.com.ar\/notas\/var\/www\/html\/notas\/wp-content\/uploads\/2025\/03\/ONU-1024x683.jpg 1024w, https:\/\/www.elsindical.com.ar\/notas\/var\/www\/html\/notas\/wp-content\/uploads\/2025\/03\/ONU-300x200.jpg 300w, https:\/\/www.elsindical.com.ar\/notas\/var\/www\/html\/notas\/wp-content\/uploads\/2025\/03\/ONU-768x512.jpg 768w, https:\/\/www.elsindical.com.ar\/notas\/var\/www\/html\/notas\/wp-content\/uploads\/2025\/03\/ONU-1536x1025.jpg 1536w, https:\/\/www.elsindical.com.ar\/notas\/var\/www\/html\/notas\/wp-content\/uploads\/2025\/03\/ONU.jpg 1920w\" sizes=\"auto, (max-width: 1024px) 100vw, 1024px\" \/><\/a><\/figure>\n\n\n\n<p>La entidad consider\u00f3 que \u201cla existencia de algunos actos de violencia no justifica el uso de la fuerza contra todos los participantes de una manifestaci\u00f3n que ejercen su derecho de reuni\u00f3n pac\u00edfica\u201d.<\/p>\n\n\n\n<p>El Alto Comisionado de las Naciones Unidas para los Derechos Humanos <strong>inst\u00f3 este viernes al Gobierno argentino a \u201cinvestigar con diligencia los hechos ocurridos\u201d en la protesta del mi\u00e9rcoles \u00faltimo en Congreso<\/strong>, donde la que 46 personas resultaron heridas.<\/p>\n\n\n\n<p>Como se sabe, entre las v\u00edctimas de la brutal represi\u00f3n ejercida contra los manifestantes por fuerzas federales comandadas por la ministra Patricia Bullrich, <strong>est\u00e1 el fotoperiodista Pablo Grillo, quien permanece internado en estado cr\u00edtico<\/strong>.<\/p>\n\n\n\n<p>En cuanto al pedido de la ONU, el comisionado para Am\u00e9rica del Sur, Jan Jarab, record\u00f3 que \u201cla existencia de algunos actos de violencia <strong>no justifica el uso de la fuerza contra todos los participantes de una manifestaci\u00f3n que ejercen su derecho de reuni\u00f3n pac\u00edfica<\/strong>\u201d.<\/p>\n\n\n\n<p>Adem\u00e1s, enfatiz\u00f3 que el uso de la fuerza debe \u201c<strong>respetar en todo momento los principios internacionales de legalidad, necesidad, proporcionalidad, no discriminaci\u00f3n y rendici\u00f3n de cuentas<\/strong>\u201d.<\/p>\n\n\n\n<p>El comisionado habl\u00f3 de \u201cuso indiscriminado de la fuerza por parte de la autoridad\u201d y agreg\u00f3 que \u201cmuchos manifestantes eran <strong>personas de edad avanzada que exig\u00edan pac\u00edficamente derechos sociales en materias de jubilaci\u00f3n y salud<\/strong>\u201d.<\/p>\n\n\n\n<p>Jarab tambi\u00e9n subray\u00f3 que <strong>las armas menos letales, como las lacrim\u00f3genas, deben utilizarse adecuadamente seg\u00fan los est\u00e1ndares internacionales, ya que pueden convertirse en letales<\/strong>. En ese sentido, vale recordar que el fot\u00f3grafo Grillo fue impactado en la cabeza por un cartucho de gas lacrim\u00f3geno disparado directamente contra \u00e9l.<\/p>\n\n\n\n<p>Tas se\u00f1alar que m\u00e1s de cien personas detenidas durante la manifestaci\u00f3n fueron liberadas al no hallarse evidencia de que cometieran delitos, la organizaci\u00f3n destac\u00f3 \u201c<strong>la importancia de la independencia judicial en la garant\u00eda de los derechos de participaci\u00f3n, el control de la legalidad de las detenciones y de las actuaciones policiales<\/strong>\u201d.<\/p>\n","protected":false},"excerpt":{"rendered":"<p>La entidad consider\u00f3 que \u201cla existencia de algunos actos de violencia no justifica el uso de la fuerza contra todos los participantes de una manifestaci\u00f3n que ejercen su derecho de reuni\u00f3n pac\u00edfica\u201d. El Alto Comisionado de las Naciones Unidas para los Derechos Humanos inst\u00f3 este viernes al Gobierno argentino a \u201cinvestigar con diligencia los hechos&hellip;<\/p>\n","protected":false},"author":1,"featured_media":136658,"comment_status":"open","ping_status":"open","sticky":false,"template":"","format":"standard","meta":{"footnotes":""},"categories":[13],"tags":[86,22022,2450,44900,2338,44897,44913,11120],"class_list":["post-136657","post","type-post","status-publish","format-standard","has-post-thumbnail","hentry","category-politica","tag-congreso","tag-derechos-humanos","tag-diario-el-sindical","tag-marcha-de-los-jubilados","tag-onu","tag-pablo-grillo","tag-protesta-pacifica","tag-represion-policial"],"_links":{"self":[{"href":"https:\/\/www.elsindical.com.ar\/notas\/wp-json\/wp\/v2\/posts\/136657","targetHints":{"allow":["GET"]}}],"collection":[{"href":"https:\/\/www.elsindical.com.ar\/notas\/wp-json\/wp\/v2\/posts"}],"about":[{"href":"https:\/\/www.elsindical.com.ar\/notas\/wp-json\/wp\/v2\/types\/post"}],"author":[{"embeddable":true,"href":"https:\/\/www.elsindical.com.ar\/notas\/wp-json\/wp\/v2\/users\/1"}],"replies":[{"embeddable":true,"href":"https:\/\/www.elsindical.com.ar\/notas\/wp-json\/wp\/v2\/comments?post=136657"}],"version-history":[{"count":1,"href":"https:\/\/www.elsindical.com.ar\/notas\/wp-json\/wp\/v2\/posts\/136657\/revisions"}],"predecessor-version":[{"id":136659,"href":"https:\/\/www.elsindical.com.ar\/notas\/wp-json\/wp\/v2\/posts\/136657\/revisions\/136659"}],"wp:featuredmedia":[{"embeddable":true,"href":"https:\/\/www.elsindical.com.ar\/notas\/wp-json\/wp\/v2\/media\/136658"}],"wp:attachment":[{"href":"https:\/\/www.elsindical.com.ar\/notas\/wp-json\/wp\/v2\/media?parent=136657"}],"wp:term":[{"taxonomy":"category","embeddable":true,"href":"https:\/\/www.elsindical.com.ar\/notas\/wp-json\/wp\/v2\/categories?post=136657"},{"taxonomy":"post_tag","embeddable":true,"href":"https:\/\/www.elsindical.com.ar\/notas\/wp-json\/wp\/v2\/tags?post=136657"}],"curies":[{"name":"wp","href":"https:\/\/api.w.org\/{rel}","templated":true}]}}