{"id":136647,"date":"2025-03-15T13:13:09","date_gmt":"2025-03-15T16:13:09","guid":{"rendered":"https:\/\/www.elsindical.com.ar\/notas\/?p=136647"},"modified":"2025-03-15T13:13:14","modified_gmt":"2025-03-15T16:13:14","slug":"el-cin-repudio-la-violenta-represion-en-la-protesta-de-los-jubilados","status":"publish","type":"post","link":"https:\/\/www.elsindical.com.ar\/notas\/el-cin-repudio-la-violenta-represion-en-la-protesta-de-los-jubilados\/","title":{"rendered":"El CIN repudi\u00f3 la violenta represi\u00f3n en la protesta de los jubilados"},"content":{"rendered":"<div class=\"wp-block-image\">\n<figure class=\"aligncenter size-large\"><a href=\"https:\/\/www.elsindical.com.ar\/notas\/var\/www\/html\/notas\/wp-content\/uploads\/2025\/03\/represion-marcha-jubilados-marzo-2025.jpg\"><img loading=\"lazy\" decoding=\"async\" width=\"1024\" height=\"576\" src=\"https:\/\/www.elsindical.com.ar\/notas\/var\/www\/html\/notas\/wp-content\/uploads\/2025\/03\/represion-marcha-jubilados-marzo-2025-1024x576.jpg\" alt=\"\" class=\"wp-image-136648\" srcset=\"https:\/\/www.elsindical.com.ar\/notas\/var\/www\/html\/notas\/wp-content\/uploads\/2025\/03\/represion-marcha-jubilados-marzo-2025-1024x576.jpg 1024w, https:\/\/www.elsindical.com.ar\/notas\/var\/www\/html\/notas\/wp-content\/uploads\/2025\/03\/represion-marcha-jubilados-marzo-2025-300x169.jpg 300w, https:\/\/www.elsindical.com.ar\/notas\/var\/www\/html\/notas\/wp-content\/uploads\/2025\/03\/represion-marcha-jubilados-marzo-2025-768x432.jpg 768w, https:\/\/www.elsindical.com.ar\/notas\/var\/www\/html\/notas\/wp-content\/uploads\/2025\/03\/represion-marcha-jubilados-marzo-2025-460x260.jpg 460w, https:\/\/www.elsindical.com.ar\/notas\/var\/www\/html\/notas\/wp-content\/uploads\/2025\/03\/represion-marcha-jubilados-marzo-2025.jpg 1200w\" sizes=\"auto, (max-width: 1024px) 100vw, 1024px\" \/><\/a><\/figure>\n<\/div>\n\n\n<p>Desde la Red Interuniversitaria de Derechos Humanos (RIDDHH), la Red Interuniversitaria por la Igualdad de G\u00e9nero y contra las Violencias (RUGE) y la Red Interuniversitaria de Discapacidad (RID), todas dependientes del\u00a0<strong>Consejo Interuniversitario Nacional<\/strong> (CIN), expresaron el \u201cm\u00e1s <strong>en\u00e9rgico repudio ante la violenta represi\u00f3n desplegada por el gobierno nacional en la marcha de jubilados<\/strong>\u201c.<\/p>\n\n\n\n<p><strong>\u201cResulta inaceptable el enorme despliegue de fuerzas policiales y la ferocidad con la que actuaron para reprimir la manifestaci\u00f3n y el leg\u00edtimo reclamo que realizan jubiladas y jubilados los mi\u00e9rcoles en pos de un salario justo que les asegure condiciones de vida digna\u201d<\/strong>, asegura el comunicado.<\/p>\n\n\n\n<p>Y advierte que <strong>\u201cestas acciones intimidatorias evidencian no solo la deshumanizaci\u00f3n y el desprecio hacia personas mayores, sino tambi\u00e9n la intenci\u00f3n de instaurar un clima de violencia en nuestro pa\u00eds\u201d<\/strong>.<\/p>\n\n\n\n<p>Cuestiona que \u201cel <strong>uso irresponsable de la fuerza<\/strong> que dej\u00f3 el lamentable saldo de un periodista herido de gravedad, m\u00e1s de 100 personas heridas, como as\u00ed tambi\u00e9n 150 detenidas y detenidos, no condice con la responsabilidad que tiene el Estado de garantizar a sus ciudadanos y ciudadanas el derecho constitucional a la protesta\u201d.<\/p>\n\n\n\n<p>\u201cEste <strong>nuevo intento de amedrentamiento y disciplinamiento <\/strong>no solo constituye una estrategia de distracci\u00f3n con m\u00faltiples efectos, sino que tambi\u00e9n genera condiciones para el ejercicio autoritario del poder\u201d, reflexiona el comunicado.<\/p>\n\n\n\n<p>Y explica que \u201cpor un lado, <strong>busca sacar de foco verdaderos intereses de instalar un sistema econ\u00f3mico en beneficio de unos pocos a trav\u00e9s del desguace del Estado, la entrega de sus riquezas, la pobreza y la precarizaci\u00f3n generalizada<\/strong>\u201c. \u201cPor el otro, busca desarticular las redes de solidaridad entre los sectores que se est\u00e1n viendo afectados directamente\u201d, apunta.<\/p>\n\n\n\n<p>\u201c<strong>Exigimos al gobierno que garantice el derecho de las ciudadanas y de los ciudadanos a manifestarnos sin temor a represalias. <\/strong>Desde el sistema universitario p\u00fablico seguimos defendiendo los derechos conquistados y trabajando por un pa\u00eds libre de violencia y con justicia social. Asimismo, manifestamos nuestra profunda preocupaci\u00f3n por las pr\u00e1cticas re\u00f1idas con la democracia que sucedieron al interior de la C\u00e1mara de Diputados del Congreso, que ponen en riesgo el lazo social y vulneran los procedimientos institucionales b\u00e1sicos y elementales\u201d, indica el comunicado.<\/p>\n\n\n\n<p>\u201cEn este Mes de la Memoria por la Verdad y la Justicia recordamos a quienes lucharon y a quienes luchan cotidianamente por una Naci\u00f3n en la que podamos vivir con dignidad y en el pleno ejercicio de los derechos humanos\u201d, concluye.<\/p>\n","protected":false},"excerpt":{"rendered":"<p>Desde la Red Interuniversitaria de Derechos Humanos (RIDDHH), la Red Interuniversitaria por la Igualdad de G\u00e9nero y contra las Violencias (RUGE) y la Red Interuniversitaria de Discapacidad (RID), todas dependientes del\u00a0Consejo Interuniversitario Nacional (CIN), expresaron el \u201cm\u00e1s en\u00e9rgico repudio ante la violenta represi\u00f3n desplegada por el gobierno nacional en la marcha de jubilados\u201c. \u201cResulta inaceptable&hellip;<\/p>\n","protected":false},"author":1,"featured_media":136648,"comment_status":"open","ping_status":"open","sticky":false,"template":"","format":"standard","meta":{"footnotes":""},"categories":[6,8],"tags":[2721,2450,28812,1241,44908,44910,44909],"class_list":["post-136647","post","type-post","status-publish","format-standard","has-post-thumbnail","hentry","category-denuncias","category-derechos-humanos","tag-cin","tag-diario-el-sindical","tag-javier-milei","tag-patricia-bullrich","tag-rid","tag-riddhh","tag-ruge"],"_links":{"self":[{"href":"https:\/\/www.elsindical.com.ar\/notas\/wp-json\/wp\/v2\/posts\/136647","targetHints":{"allow":["GET"]}}],"collection":[{"href":"https:\/\/www.elsindical.com.ar\/notas\/wp-json\/wp\/v2\/posts"}],"about":[{"href":"https:\/\/www.elsindical.com.ar\/notas\/wp-json\/wp\/v2\/types\/post"}],"author":[{"embeddable":true,"href":"https:\/\/www.elsindical.com.ar\/notas\/wp-json\/wp\/v2\/users\/1"}],"replies":[{"embeddable":true,"href":"https:\/\/www.elsindical.com.ar\/notas\/wp-json\/wp\/v2\/comments?post=136647"}],"version-history":[{"count":1,"href":"https:\/\/www.elsindical.com.ar\/notas\/wp-json\/wp\/v2\/posts\/136647\/revisions"}],"predecessor-version":[{"id":136649,"href":"https:\/\/www.elsindical.com.ar\/notas\/wp-json\/wp\/v2\/posts\/136647\/revisions\/136649"}],"wp:featuredmedia":[{"embeddable":true,"href":"https:\/\/www.elsindical.com.ar\/notas\/wp-json\/wp\/v2\/media\/136648"}],"wp:attachment":[{"href":"https:\/\/www.elsindical.com.ar\/notas\/wp-json\/wp\/v2\/media?parent=136647"}],"wp:term":[{"taxonomy":"category","embeddable":true,"href":"https:\/\/www.elsindical.com.ar\/notas\/wp-json\/wp\/v2\/categories?post=136647"},{"taxonomy":"post_tag","embeddable":true,"href":"https:\/\/www.elsindical.com.ar\/notas\/wp-json\/wp\/v2\/tags?post=136647"}],"curies":[{"name":"wp","href":"https:\/\/api.w.org\/{rel}","templated":true}]}}