{"id":136632,"date":"2025-03-14T13:40:07","date_gmt":"2025-03-14T16:40:07","guid":{"rendered":"https:\/\/www.elsindical.com.ar\/notas\/?p=136632"},"modified":"2025-03-14T13:40:20","modified_gmt":"2025-03-14T16:40:20","slug":"la-justicia-investiga-la-represion-policial-en-la-marcha-de-jubilados","status":"publish","type":"post","link":"https:\/\/www.elsindical.com.ar\/notas\/la-justicia-investiga-la-represion-policial-en-la-marcha-de-jubilados\/","title":{"rendered":"La justicia investiga la represi\u00f3n policial en la marcha de jubilados"},"content":{"rendered":"\n<figure class=\"wp-block-image size-full\"><a href=\"https:\/\/www.elsindical.com.ar\/notas\/var\/www\/html\/notas\/wp-content\/uploads\/2025\/03\/represion-a-jubilados.jpg\"><img loading=\"lazy\" decoding=\"async\" width=\"1024\" height=\"683\" src=\"https:\/\/www.elsindical.com.ar\/notas\/var\/www\/html\/notas\/wp-content\/uploads\/2025\/03\/represion-a-jubilados.jpg\" alt=\"\" class=\"wp-image-136633\" srcset=\"https:\/\/www.elsindical.com.ar\/notas\/var\/www\/html\/notas\/wp-content\/uploads\/2025\/03\/represion-a-jubilados.jpg 1024w, https:\/\/www.elsindical.com.ar\/notas\/var\/www\/html\/notas\/wp-content\/uploads\/2025\/03\/represion-a-jubilados-300x200.jpg 300w, https:\/\/www.elsindical.com.ar\/notas\/var\/www\/html\/notas\/wp-content\/uploads\/2025\/03\/represion-a-jubilados-768x512.jpg 768w\" sizes=\"auto, (max-width: 1024px) 100vw, 1024px\" \/><\/a><\/figure>\n\n\n\n<p>La presentaci\u00f3n de oficio la realiz\u00f3 Alfredo Gentili, de la Procuradur\u00eda de Violencia Institucional. Durante la marcha frente al Congreso, la mujer cay\u00f3 de espaldas al ser empujada por un efectivo, mientras que el joven se encuentra en estado cr\u00edtico tras haber sido impactado por un gas lacrim\u00f3geno.<\/p>\n\n\n\n<p>El fiscal de la Procuradur\u00eda de Violencia Institucional, Alfredo Gentili, hizo una presentaci\u00f3n de oficio para que se investigue a la Polic\u00eda por las agresiones a<strong> Beatriz Blanco<\/strong>, una jubilada de 87 a\u00f1os, y a Pablo Grillo, el fot\u00f3grafo que result\u00f3 herido de gravedad por el impacto de un cartucho de gas lacrim\u00f3geno en la cabeza, durante la marcha al Congreso del mi\u00e9rcoles.<\/p>\n\n\n\n<p>Las causas llevan los n\u00fameros 12670\/2025 (Bianco) y 12677\/2025 (Grillo), del registro del Juzgado Nacional en lo Criminal y Correccional N\u00b030, con la intervenci\u00f3n de la Fiscal\u00eda N\u00b011 de ese fuero.<\/p>\n\n\n\n<p>La jornada de protestas de los jubilados con apoyo de barrabravas de distintos equipos de futbol se realiz\u00f3 este mi\u00e9rcoles en el Congreso y termin\u00f3 con fuertes enfrentamientos entre manifestantes y efectivos de seguridad. Seg\u00fan estimaciones del gobierno de la Ciudad, pasadas las 21, hab\u00eda 20 heridos y m\u00e1s de 150 detenidos.<\/p>\n\n\n\n<p>Los manifestantes intentaron avanzar sobre las calles y la Gendarmer\u00eda respondi\u00f3 con\u00a0<strong>balas de goma, gases lacrim\u00f3genos y camiones hidrantes<\/strong>. Minutos despu\u00e9s, los barras rompieron veredas y lanzaron escombros a las fuerzas de seguridad. Personal del\u00a0<strong>SAME y la Cruz Roja<\/strong>\u00a0asisti\u00f3 a manifestantes afectados por el uso de gas pimienta.<\/p>\n\n\n\n<p>El jefe de Gabinete, <strong>Guillermo Francos<\/strong>, se refiri\u00f3 al ataque que sufri\u00f3 Grillo: \u201cEs un hecho\u00a0<strong>muy lamentable<\/strong>, no puedo m\u00e1s que efectuar este comentario, porque\u00a0<strong>no conozco los detalles en qu\u00e9 sucedi\u00f3<\/strong>. Trataremos de esclarecer el hecho\u201d.<\/p>\n\n\n\n<p>En declaraciones a radio&nbsp;<em>Mitre<\/em>, el funcionario calific\u00f3 la agresi\u00f3n sufrida por el fot\u00f3grafo como un \u201c<strong>accidente no previsto\u201d<\/strong>&nbsp;e indic\u00f3 que \u201c<strong>este tipo de episodios a veces generan estas consecuencias\u201d.<\/strong><\/p>\n\n\n\n<p>En ese sentido, se\u00f1al\u00f3: \u201c<strong>La Polic\u00eda no le tira a una persona un gas lacrim\u00f3geno<\/strong>, la tira para que caiga y genere la salida de los revoltosos, para desconcentrarlos. A veces puede pasar que una situaci\u00f3n de estas<strong>&nbsp;genere un accidente lamentable\u201d.<\/strong><\/p>\n\n\n\n<p><\/p>\n","protected":false},"excerpt":{"rendered":"<p>La presentaci\u00f3n de oficio la realiz\u00f3 Alfredo Gentili, de la Procuradur\u00eda de Violencia Institucional. Durante la marcha frente al Congreso, la mujer cay\u00f3 de espaldas al ser empujada por un efectivo, mientras que el joven se encuentra en estado cr\u00edtico tras haber sido impactado por un gas lacrim\u00f3geno. El fiscal de la Procuradur\u00eda de Violencia&hellip;<\/p>\n","protected":false},"author":1,"featured_media":136633,"comment_status":"open","ping_status":"open","sticky":false,"template":"","format":"standard","meta":{"footnotes":""},"categories":[20],"tags":[44904,2450,44902,44900,44897,44903,11120],"class_list":["post-136632","post","type-post","status-publish","format-standard","has-post-thumbnail","hentry","category-judiciales","tag-beatriz-blanco","tag-diario-el-sindical","tag-fiscal-alfredo-gentili","tag-marcha-de-los-jubilados","tag-pablo-grillo","tag-procuraduria-de-violencia-institucional","tag-represion-policial"],"_links":{"self":[{"href":"https:\/\/www.elsindical.com.ar\/notas\/wp-json\/wp\/v2\/posts\/136632","targetHints":{"allow":["GET"]}}],"collection":[{"href":"https:\/\/www.elsindical.com.ar\/notas\/wp-json\/wp\/v2\/posts"}],"about":[{"href":"https:\/\/www.elsindical.com.ar\/notas\/wp-json\/wp\/v2\/types\/post"}],"author":[{"embeddable":true,"href":"https:\/\/www.elsindical.com.ar\/notas\/wp-json\/wp\/v2\/users\/1"}],"replies":[{"embeddable":true,"href":"https:\/\/www.elsindical.com.ar\/notas\/wp-json\/wp\/v2\/comments?post=136632"}],"version-history":[{"count":1,"href":"https:\/\/www.elsindical.com.ar\/notas\/wp-json\/wp\/v2\/posts\/136632\/revisions"}],"predecessor-version":[{"id":136634,"href":"https:\/\/www.elsindical.com.ar\/notas\/wp-json\/wp\/v2\/posts\/136632\/revisions\/136634"}],"wp:featuredmedia":[{"embeddable":true,"href":"https:\/\/www.elsindical.com.ar\/notas\/wp-json\/wp\/v2\/media\/136633"}],"wp:attachment":[{"href":"https:\/\/www.elsindical.com.ar\/notas\/wp-json\/wp\/v2\/media?parent=136632"}],"wp:term":[{"taxonomy":"category","embeddable":true,"href":"https:\/\/www.elsindical.com.ar\/notas\/wp-json\/wp\/v2\/categories?post=136632"},{"taxonomy":"post_tag","embeddable":true,"href":"https:\/\/www.elsindical.com.ar\/notas\/wp-json\/wp\/v2\/tags?post=136632"}],"curies":[{"name":"wp","href":"https:\/\/api.w.org\/{rel}","templated":true}]}}