{"id":136625,"date":"2025-03-14T13:11:38","date_gmt":"2025-03-14T16:11:38","guid":{"rendered":"https:\/\/www.elsindical.com.ar\/notas\/?p=136625"},"modified":"2025-03-14T13:11:43","modified_gmt":"2025-03-14T16:11:43","slug":"lanus-pedido-de-justicia-por-pablo-grillo","status":"publish","type":"post","link":"https:\/\/www.elsindical.com.ar\/notas\/lanus-pedido-de-justicia-por-pablo-grillo\/","title":{"rendered":"Lan\u00fas: Pedido de justicia por Pablo Grillo"},"content":{"rendered":"\n<figure class=\"wp-block-image size-large\"><a href=\"https:\/\/www.elsindical.com.ar\/notas\/var\/www\/html\/notas\/wp-content\/uploads\/2025\/03\/Justicia-por-Pablo-Grillo.jpg\"><img loading=\"lazy\" decoding=\"async\" width=\"1024\" height=\"576\" src=\"https:\/\/www.elsindical.com.ar\/notas\/var\/www\/html\/notas\/wp-content\/uploads\/2025\/03\/Justicia-por-Pablo-Grillo-1024x576.jpg\" alt=\"\" class=\"wp-image-136626\" srcset=\"https:\/\/www.elsindical.com.ar\/notas\/var\/www\/html\/notas\/wp-content\/uploads\/2025\/03\/Justicia-por-Pablo-Grillo-1024x576.jpg 1024w, https:\/\/www.elsindical.com.ar\/notas\/var\/www\/html\/notas\/wp-content\/uploads\/2025\/03\/Justicia-por-Pablo-Grillo-300x169.jpg 300w, https:\/\/www.elsindical.com.ar\/notas\/var\/www\/html\/notas\/wp-content\/uploads\/2025\/03\/Justicia-por-Pablo-Grillo-768x432.jpg 768w, https:\/\/www.elsindical.com.ar\/notas\/var\/www\/html\/notas\/wp-content\/uploads\/2025\/03\/Justicia-por-Pablo-Grillo-460x260.jpg 460w, https:\/\/www.elsindical.com.ar\/notas\/var\/www\/html\/notas\/wp-content\/uploads\/2025\/03\/Justicia-por-Pablo-Grillo.jpg 1200w\" sizes=\"auto, (max-width: 1024px) 100vw, 1024px\" \/><\/a><\/figure>\n\n\n\n<p class=\"wp-block-paragraph\">El fotoperiodista\u00a0<strong>Pablo Grillo<\/strong>, vecino de Remedios de Escalada (Lan\u00fas) que estaba trabajando en la manifestaci\u00f3n, fue alcanzado por una granada de gas lacrim\u00f3geno. <strong>El barrio se moviliz\u00f3 para reclamar justicia.<\/strong><\/p>\n\n\n\n<p class=\"wp-block-paragraph\"><strong>La esquina de la plaza Mariano Moreno de Remedios de Escalada, frente a la estaci\u00f3n ferroviaria, fue el epicentro de la protesta. <\/strong>Con carteles y banderas, vecinos y estudiantes de la UNLa (Universidad Nacional de Lan\u00fas) reclamaron justicia.<\/p>\n\n\n\n<p class=\"wp-block-paragraph\"><strong>\u201cFuerza Pablo\u201d, \u201cBullrich asesina\u201d y \u201cFuera Milei\u201d son algunos de los mensajes que se pudieron ver durante la protesta.<\/strong><\/p>\n\n\n\n<p class=\"wp-block-paragraph\">Pablo es fotoperiodista, fue estudiante de dise\u00f1o en la UNLa y trabajaba como jardinero en el hospital Evita de Lan\u00fas.<\/p>\n\n\n\n<p class=\"wp-block-paragraph\"><strong>Pablo est\u00e1 internado en estado cr\u00edtico,&nbsp;luchando por su vida,&nbsp;<\/strong>por la fractura de cr\u00e1neo y desplazamiento de masa encef\u00e1lica que le produjo el lanzamiento.<\/p>\n\n\n\n<p class=\"wp-block-paragraph\"><strong>La granada fue disparada apuntando directamente a los cuerpos de los manifestantes<\/strong>, \u201cviolando los protocolos de uso que establecen que deben dispararse hacia arriba para que hagan una par\u00e1bola y luego caigan\u201d, advirti\u00f3 la Comisi\u00f3n Provincial por la Memoria.<\/p>\n\n\n\n<p class=\"wp-block-paragraph\">La ministra\u00a0Patricia Bullrich, responsable del operativo, aclar\u00f3 que\u00a0no se tomar\u00e1 \u201cninguna medida\u201d para investigar el accionar de las fuerzas de seguridad.\u00a0 <strong>El intendente de Lan\u00fas,\u00a0Juli\u00e1n \u00c1lvarez, reclam\u00f3 su desplazamiento.<\/strong>\u00a0<\/p>\n\n\n\n<figure class=\"wp-block-gallery has-nested-images columns-default is-cropped wp-block-gallery-1 is-layout-flex wp-block-gallery-is-layout-flex\">\n<figure class=\"wp-block-image size-large\"><a href=\"https:\/\/www.elsindical.com.ar\/notas\/var\/www\/html\/notas\/wp-content\/uploads\/2025\/03\/Justicia-por-Pablo-Grillo-Lanus-2.jpg\"><img loading=\"lazy\" decoding=\"async\" width=\"1024\" height=\"576\" data-id=\"136628\" src=\"https:\/\/www.elsindical.com.ar\/notas\/var\/www\/html\/notas\/wp-content\/uploads\/2025\/03\/Justicia-por-Pablo-Grillo-Lanus-2-1024x576.jpg\" alt=\"\" class=\"wp-image-136628\" srcset=\"https:\/\/www.elsindical.com.ar\/notas\/var\/www\/html\/notas\/wp-content\/uploads\/2025\/03\/Justicia-por-Pablo-Grillo-Lanus-2-1024x576.jpg 1024w, https:\/\/www.elsindical.com.ar\/notas\/var\/www\/html\/notas\/wp-content\/uploads\/2025\/03\/Justicia-por-Pablo-Grillo-Lanus-2-300x169.jpg 300w, https:\/\/www.elsindical.com.ar\/notas\/var\/www\/html\/notas\/wp-content\/uploads\/2025\/03\/Justicia-por-Pablo-Grillo-Lanus-2-768x432.jpg 768w, https:\/\/www.elsindical.com.ar\/notas\/var\/www\/html\/notas\/wp-content\/uploads\/2025\/03\/Justicia-por-Pablo-Grillo-Lanus-2-460x260.jpg 460w, https:\/\/www.elsindical.com.ar\/notas\/var\/www\/html\/notas\/wp-content\/uploads\/2025\/03\/Justicia-por-Pablo-Grillo-Lanus-2.jpg 1200w\" sizes=\"auto, (max-width: 1024px) 100vw, 1024px\" \/><\/a><\/figure>\n\n\n\n<figure class=\"wp-block-image size-large\"><a href=\"https:\/\/www.elsindical.com.ar\/notas\/var\/www\/html\/notas\/wp-content\/uploads\/2025\/03\/Justicia-por-Pablo-Grillo-Lanus-1.jpg\"><img loading=\"lazy\" decoding=\"async\" width=\"1024\" height=\"576\" data-id=\"136627\" src=\"https:\/\/www.elsindical.com.ar\/notas\/var\/www\/html\/notas\/wp-content\/uploads\/2025\/03\/Justicia-por-Pablo-Grillo-Lanus-1-1024x576.jpg\" alt=\"\" class=\"wp-image-136627\" srcset=\"https:\/\/www.elsindical.com.ar\/notas\/var\/www\/html\/notas\/wp-content\/uploads\/2025\/03\/Justicia-por-Pablo-Grillo-Lanus-1-1024x576.jpg 1024w, https:\/\/www.elsindical.com.ar\/notas\/var\/www\/html\/notas\/wp-content\/uploads\/2025\/03\/Justicia-por-Pablo-Grillo-Lanus-1-300x169.jpg 300w, https:\/\/www.elsindical.com.ar\/notas\/var\/www\/html\/notas\/wp-content\/uploads\/2025\/03\/Justicia-por-Pablo-Grillo-Lanus-1-768x432.jpg 768w, https:\/\/www.elsindical.com.ar\/notas\/var\/www\/html\/notas\/wp-content\/uploads\/2025\/03\/Justicia-por-Pablo-Grillo-Lanus-1-460x260.jpg 460w, https:\/\/www.elsindical.com.ar\/notas\/var\/www\/html\/notas\/wp-content\/uploads\/2025\/03\/Justicia-por-Pablo-Grillo-Lanus-1.jpg 1200w\" sizes=\"auto, (max-width: 1024px) 100vw, 1024px\" \/><\/a><\/figure>\n<\/figure>\n","protected":false},"excerpt":{"rendered":"<p>El fotoperiodista\u00a0Pablo Grillo, vecino de Remedios de Escalada (Lan\u00fas) que estaba trabajando en la manifestaci\u00f3n, fue alcanzado por una granada de gas lacrim\u00f3geno. El barrio se moviliz\u00f3 para reclamar justicia. La esquina de la plaza Mariano Moreno de Remedios de Escalada, frente a la estaci\u00f3n ferroviaria, fue el epicentro de la protesta. Con carteles y&hellip;<\/p>\n","protected":false},"author":1,"featured_media":136626,"comment_status":"open","ping_status":"open","sticky":false,"template":"","format":"standard","meta":{"footnotes":""},"categories":[25],"tags":[410,2450,44899,209,44900,44897,6272],"class_list":["post-136625","post","type-post","status-publish","format-standard","has-post-thumbnail","hentry","category-sociedad","tag-baleado","tag-diario-el-sindical","tag-fotoperiodista","tag-lanus","tag-marcha-de-los-jubilados","tag-pablo-grillo","tag-remedios-de-escalada"],"_links":{"self":[{"href":"https:\/\/www.elsindical.com.ar\/notas\/wp-json\/wp\/v2\/posts\/136625","targetHints":{"allow":["GET"]}}],"collection":[{"href":"https:\/\/www.elsindical.com.ar\/notas\/wp-json\/wp\/v2\/posts"}],"about":[{"href":"https:\/\/www.elsindical.com.ar\/notas\/wp-json\/wp\/v2\/types\/post"}],"author":[{"embeddable":true,"href":"https:\/\/www.elsindical.com.ar\/notas\/wp-json\/wp\/v2\/users\/1"}],"replies":[{"embeddable":true,"href":"https:\/\/www.elsindical.com.ar\/notas\/wp-json\/wp\/v2\/comments?post=136625"}],"version-history":[{"count":1,"href":"https:\/\/www.elsindical.com.ar\/notas\/wp-json\/wp\/v2\/posts\/136625\/revisions"}],"predecessor-version":[{"id":136629,"href":"https:\/\/www.elsindical.com.ar\/notas\/wp-json\/wp\/v2\/posts\/136625\/revisions\/136629"}],"wp:featuredmedia":[{"embeddable":true,"href":"https:\/\/www.elsindical.com.ar\/notas\/wp-json\/wp\/v2\/media\/136626"}],"wp:attachment":[{"href":"https:\/\/www.elsindical.com.ar\/notas\/wp-json\/wp\/v2\/media?parent=136625"}],"wp:term":[{"taxonomy":"category","embeddable":true,"href":"https:\/\/www.elsindical.com.ar\/notas\/wp-json\/wp\/v2\/categories?post=136625"},{"taxonomy":"post_tag","embeddable":true,"href":"https:\/\/www.elsindical.com.ar\/notas\/wp-json\/wp\/v2\/tags?post=136625"}],"curies":[{"name":"wp","href":"https:\/\/api.w.org\/{rel}","templated":true}]}}