{"id":136615,"date":"2025-03-13T02:58:51","date_gmt":"2025-03-13T05:58:51","guid":{"rendered":"https:\/\/www.elsindical.com.ar\/notas\/?p=136615"},"modified":"2025-03-13T03:15:24","modified_gmt":"2025-03-13T06:15:24","slug":"la-bronca-del-padre-del-fotografo-herido-en-el-congreso-contra-patricia-bullrich-y-javier-milei-mandan-a-matar","status":"publish","type":"post","link":"https:\/\/www.elsindical.com.ar\/notas\/la-bronca-del-padre-del-fotografo-herido-en-el-congreso-contra-patricia-bullrich-y-javier-milei-mandan-a-matar\/","title":{"rendered":"La bronca del padre del fot\u00f3grafo herido en el Congreso contra Patricia Bullrich y Javier Milei: \u00abMandan a matar\u00bb"},"content":{"rendered":"<div class=\"wp-block-image\">\n<figure class=\"aligncenter size-full is-resized\"><a href=\"https:\/\/www.elsindical.com.ar\/notas\/var\/www\/html\/notas\/wp-content\/uploads\/2025\/03\/Pablo-Grillo-fotografo.jpg\"><img loading=\"lazy\" decoding=\"async\" width=\"680\" height=\"850\" src=\"https:\/\/www.elsindical.com.ar\/notas\/var\/www\/html\/notas\/wp-content\/uploads\/2025\/03\/Pablo-Grillo-fotografo.jpg\" alt=\"\" class=\"wp-image-136616\" style=\"width:424px;height:auto\" srcset=\"https:\/\/www.elsindical.com.ar\/notas\/var\/www\/html\/notas\/wp-content\/uploads\/2025\/03\/Pablo-Grillo-fotografo.jpg 680w, https:\/\/www.elsindical.com.ar\/notas\/var\/www\/html\/notas\/wp-content\/uploads\/2025\/03\/Pablo-Grillo-fotografo-240x300.jpg 240w\" sizes=\"auto, (max-width: 680px) 100vw, 680px\" \/><\/a><\/figure>\n<\/div>\n\n\n<p>Fabi\u00e1n Grillo, padre de Pablo Grillo, lanz\u00f3 fuertes insultos contra la ministra de Seguridad y el Presidente. El fot\u00f3grafo sufri\u00f3 \u00abtrauma grave de cr\u00e1neo con p\u00e9rdida de masa encef\u00e1lica y m\u00faltiples fracturas de cr\u00e1neo\u00bb.<\/p>\n\n\n\n<p><strong>Fabi\u00e1n Grillo<\/strong>, padre de Pablo Grillo, el fot\u00f3grafo herido gravemente en las inmediaciones del Congreso durante la brutal represi\u00f3n a jubilados e hinchas de f\u00fatbol durante una marcha, lanz\u00f3 duros insultos contra la ministra de Seguridad, <strong>Patricia Bullrich<\/strong>, y el presidente <strong>Javier Milei<\/strong>, a quienes acus\u00f3 de <strong>\u00abmandar a matar\u00bb<\/strong>.<\/p>\n\n\n<div class=\"wp-block-image\">\n<figure class=\"aligncenter size-full\"><a href=\"https:\/\/www.elsindical.com.ar\/notas\/var\/www\/html\/notas\/wp-content\/uploads\/2025\/03\/Pablo-Grillo.jpg\"><img loading=\"lazy\" decoding=\"async\" width=\"720\" height=\"538\" src=\"https:\/\/www.elsindical.com.ar\/notas\/var\/www\/html\/notas\/wp-content\/uploads\/2025\/03\/Pablo-Grillo.jpg\" alt=\"\" class=\"wp-image-136617\" srcset=\"https:\/\/www.elsindical.com.ar\/notas\/var\/www\/html\/notas\/wp-content\/uploads\/2025\/03\/Pablo-Grillo.jpg 720w, https:\/\/www.elsindical.com.ar\/notas\/var\/www\/html\/notas\/wp-content\/uploads\/2025\/03\/Pablo-Grillo-300x224.jpg 300w\" sizes=\"auto, (max-width: 720px) 100vw, 720px\" \/><\/a><\/figure>\n<\/div>\n\n\n<p>\u00abPor una <strong>borracha hija de puta<\/strong> y por un <strong>descerebrado que habla con un perro muerto<\/strong>, que mandan a matar, est\u00e1 corriendo peligro mi hijo\u00bb, lament\u00f3 el padre del fot\u00f3grafo en la puerta del Hospital Ramos Mej\u00eda.<\/p>\n\n\n\n<p>Pablo Grillo sufri\u00f3 <strong>\u00abtrauma grave de cr\u00e1neo con p\u00e9rdida de masa encef\u00e1lica y m\u00faltiples fracturas de cr\u00e1neo\u00bb<\/strong>. La situaci\u00f3n, seg\u00fan informaron los profesionales de la salud al padre del fot\u00f3grafo, \u00abes grave\u00bb.<\/p>\n\n\n\n<p>Seg\u00fan relat\u00f3 Fabi\u00e1n Grillo, su hijo es \u00abmilitante, pero tambi\u00e9n fot\u00f3grafo\u00bb. \u00abSomos una familia de militantes. Y con orgullo lo decimos: &#8216;La militancia no es mala&#8217;. Porque me enter\u00e9 de lo que est\u00e1 diciendo la bazofia esa de la borracha que tenemos como ministra. Y ser militante es un orgullo\u00bb, concluy\u00f3.<\/p>\n\n\n\n<figure class=\"wp-block-embed is-type-video is-provider-youtube wp-block-embed-youtube wp-embed-aspect-16-9 wp-has-aspect-ratio\"><div class=\"wp-block-embed__wrapper\">\n<iframe loading=\"lazy\" title=\"Duras criticas a Milei y Bullrich del padre del fot\u00f3grafo Pablo Grillo\" width=\"700\" height=\"394\" src=\"https:\/\/www.youtube.com\/embed\/X4ixluJ8SyU?feature=oembed\" frameborder=\"0\" allow=\"accelerometer; autoplay; clipboard-write; encrypted-media; gyroscope; picture-in-picture; web-share\" referrerpolicy=\"strict-origin-when-cross-origin\" allowfullscreen><\/iframe>\n<\/div><\/figure>\n\n\n\n<h2 class=\"wp-block-heading\">El momento en el que lanzan un cartucho de gas contra el fot\u00f3grafo Pablo Grillo<\/h2>\n\n\n\n<p><strong>El fot\u00f3grafo se encontraba en las afueras del Parlamento<\/strong> registrando la violencia contra la gente mayor. Estaba registrando el avance de los agentes hacia los manifestantes, con gases, palos y carros hidrantes.<\/p>\n\n\n\n<p>En un momento, Grillo se agach\u00f3 para tomar un fotograf\u00eda y recibi\u00f3 el impacto de un cartucho de gas en la cabeza que hab\u00eda sido disparado por la polic\u00eda.<\/p>\n\n\n\n<p>El fot\u00f3grafo sufri\u00f3 trauma grave de cr\u00e1neo con p\u00e9rdida de masa encef\u00e1lica y m\u00faltiples fracturas de cr\u00e1neo\u00bbp\u00e9rdida de masa encef\u00e1lica.<\/p>\n\n\n\n<p><\/p>\n","protected":false},"excerpt":{"rendered":"<p>Fabi\u00e1n Grillo, padre de Pablo Grillo, lanz\u00f3 fuertes insultos contra la ministra de Seguridad y el Presidente. El fot\u00f3grafo sufri\u00f3 \u00abtrauma grave de cr\u00e1neo con p\u00e9rdida de masa encef\u00e1lica y m\u00faltiples fracturas de cr\u00e1neo\u00bb. Fabi\u00e1n Grillo, padre de Pablo Grillo, el fot\u00f3grafo herido gravemente en las inmediaciones del Congreso durante la brutal represi\u00f3n a jubilados&hellip;<\/p>\n","protected":false},"author":1,"featured_media":136616,"comment_status":"open","ping_status":"open","sticky":false,"template":"","format":"standard","meta":{"footnotes":""},"categories":[25],"tags":[1481,2450,44898,4303,28812,44888,44897,1241,353],"class_list":["post-136615","post","type-post","status-publish","format-standard","has-post-thumbnail","hentry","category-sociedad","tag-congreso-de-la-nacion","tag-diario-el-sindical","tag-fabian-grillo","tag-fotografo","tag-javier-milei","tag-marcha-jubilados","tag-pablo-grillo","tag-patricia-bullrich","tag-represion"],"_links":{"self":[{"href":"https:\/\/www.elsindical.com.ar\/notas\/wp-json\/wp\/v2\/posts\/136615","targetHints":{"allow":["GET"]}}],"collection":[{"href":"https:\/\/www.elsindical.com.ar\/notas\/wp-json\/wp\/v2\/posts"}],"about":[{"href":"https:\/\/www.elsindical.com.ar\/notas\/wp-json\/wp\/v2\/types\/post"}],"author":[{"embeddable":true,"href":"https:\/\/www.elsindical.com.ar\/notas\/wp-json\/wp\/v2\/users\/1"}],"replies":[{"embeddable":true,"href":"https:\/\/www.elsindical.com.ar\/notas\/wp-json\/wp\/v2\/comments?post=136615"}],"version-history":[{"count":2,"href":"https:\/\/www.elsindical.com.ar\/notas\/wp-json\/wp\/v2\/posts\/136615\/revisions"}],"predecessor-version":[{"id":136619,"href":"https:\/\/www.elsindical.com.ar\/notas\/wp-json\/wp\/v2\/posts\/136615\/revisions\/136619"}],"wp:featuredmedia":[{"embeddable":true,"href":"https:\/\/www.elsindical.com.ar\/notas\/wp-json\/wp\/v2\/media\/136616"}],"wp:attachment":[{"href":"https:\/\/www.elsindical.com.ar\/notas\/wp-json\/wp\/v2\/media?parent=136615"}],"wp:term":[{"taxonomy":"category","embeddable":true,"href":"https:\/\/www.elsindical.com.ar\/notas\/wp-json\/wp\/v2\/categories?post=136615"},{"taxonomy":"post_tag","embeddable":true,"href":"https:\/\/www.elsindical.com.ar\/notas\/wp-json\/wp\/v2\/tags?post=136615"}],"curies":[{"name":"wp","href":"https:\/\/api.w.org\/{rel}","templated":true}]}}