{"id":136605,"date":"2025-03-13T01:17:34","date_gmt":"2025-03-13T04:17:34","guid":{"rendered":"https:\/\/www.elsindical.com.ar\/notas\/?p=136605"},"modified":"2025-03-13T01:50:14","modified_gmt":"2025-03-13T04:50:14","slug":"repercusiones-del-caos-cacerolazos-y-amplio-repudio-a-la-represion-en-la-marcha-de-jubilados","status":"publish","type":"post","link":"https:\/\/www.elsindical.com.ar\/notas\/repercusiones-del-caos-cacerolazos-y-amplio-repudio-a-la-represion-en-la-marcha-de-jubilados\/","title":{"rendered":"Repercusiones del caos: cacerolazos y amplio repudio a la represi\u00f3n en la marcha de jubilados"},"content":{"rendered":"\n<figure class=\"wp-block-image size-full\"><a href=\"https:\/\/www.elsindical.com.ar\/notas\/var\/www\/html\/notas\/wp-content\/uploads\/2025\/03\/protestas-por-la-represion-policial.jpg\"><img loading=\"lazy\" decoding=\"async\" width=\"862\" height=\"484\" src=\"https:\/\/www.elsindical.com.ar\/notas\/var\/www\/html\/notas\/wp-content\/uploads\/2025\/03\/protestas-por-la-represion-policial.jpg\" alt=\"\" class=\"wp-image-136607\" srcset=\"https:\/\/www.elsindical.com.ar\/notas\/var\/www\/html\/notas\/wp-content\/uploads\/2025\/03\/protestas-por-la-represion-policial.jpg 862w, https:\/\/www.elsindical.com.ar\/notas\/var\/www\/html\/notas\/wp-content\/uploads\/2025\/03\/protestas-por-la-represion-policial-300x168.jpg 300w, https:\/\/www.elsindical.com.ar\/notas\/var\/www\/html\/notas\/wp-content\/uploads\/2025\/03\/protestas-por-la-represion-policial-768x431.jpg 768w\" sizes=\"auto, (max-width: 862px) 100vw, 862px\" \/><\/a><\/figure>\n\n\n\n<p>Desde distintos sectores se hicieron o\u00edr cr\u00edticas al accionar de las fuerzas de seguridad. Adem\u00e1s, en distintos barrios de la Capital Federal se produjo un cacerolazo en protesta por lo ocurrido. Y en las redes se clama por un paro general.<\/p>\n\n\n\n<p>La represi\u00f3n ejecutada por las fuerzas de seguridad durante la marcha de jubilados de esta tarde, a la que se sumaron miembros de hinchadas de diferentes clubes deportivos adem\u00e1s de organizaciones pol\u00edticas y sindicales, concit\u00f3 un amplio repudio desde diferentes sectores pol\u00edticos y sociales, mientras la gente se manifest\u00f3 a trav\u00e9s de cacerolazos en la Capital Federal y en las redes sociales surgi\u00f3 el reclamo de un paro general contra el gobierno de Javier Milei.<br><br>La reacci\u00f3n espont\u00e1nea de los ciudadanos de a pie no se hizo esperar, y a\u00fan con la represi\u00f3n ocurriendo en las calles, vecinos de distintos barrios de la Ciudad Aut\u00f3noma de Buenos Aires (CABA) salieron a batir sus implementos de cocina o participaron de la ruidosa protesta desde sus casas.<\/p>\n\n\n\n<figure class=\"wp-block-image size-full\"><a href=\"https:\/\/www.elsindical.com.ar\/notas\/var\/www\/html\/notas\/wp-content\/uploads\/2025\/03\/protesta-La-Plata.jpg\"><img loading=\"lazy\" decoding=\"async\" width=\"862\" height=\"557\" src=\"https:\/\/www.elsindical.com.ar\/notas\/var\/www\/html\/notas\/wp-content\/uploads\/2025\/03\/protesta-La-Plata.jpg\" alt=\"\" class=\"wp-image-136608\" srcset=\"https:\/\/www.elsindical.com.ar\/notas\/var\/www\/html\/notas\/wp-content\/uploads\/2025\/03\/protesta-La-Plata.jpg 862w, https:\/\/www.elsindical.com.ar\/notas\/var\/www\/html\/notas\/wp-content\/uploads\/2025\/03\/protesta-La-Plata-300x194.jpg 300w, https:\/\/www.elsindical.com.ar\/notas\/var\/www\/html\/notas\/wp-content\/uploads\/2025\/03\/protesta-La-Plata-768x496.jpg 768w\" sizes=\"auto, (max-width: 862px) 100vw, 862px\" \/><\/a><\/figure>\n\n\n\n<p>Tambi\u00e9n en La Plata hubo un cacerolazo, en la esquina de 7 y 50, donde suelen tener lugar las manifestaciones y celebraciones populares.<\/p>\n\n\n\n<p>Fabi\u00e1n Grillo, padre de Pablo, el joven fot\u00f3grafo que fue gravemente herido durante la represi\u00f3n y que est\u00e1 peleando por su vida en el hospital Ramos Mej\u00eda, llam\u00f3 \u201cbazofia\u201d a la ministra Patricia Bullrich y reivindic\u00f3 el rol de su hijo como militante. \u201c\u00c9l era militante, pero tambi\u00e9n era fot\u00f3grafo, y estaba haciendo fotograf\u00eda\u201d, dijo Fabi\u00e1n Grillo. \u201cPor una borracha hija de puta y por un descerebrado que habla con su perro muerto, que mandan a matar, est\u00e1 corriendo peligro mi hijo\u201d, manifest\u00f3.<br><br>Por su parte, el intendente de Lan\u00fas, Juli\u00e1n \u00c1lvarez, respondi\u00f3 en X (antes Twitter) a las declaraciones de Bullrich sobre el fot\u00f3grafo herido. Desminti\u00f3 que sea empleado del municipio y consider\u00f3 que \u201cya no se puede pedir responsabilidad, cordura o humanidad a la ministra de Seguridad\u201d.&nbsp;<\/p>\n\n\n\n<figure class=\"wp-block-embed is-type-rich is-provider-twitter wp-block-embed-twitter\"><div class=\"wp-block-embed__wrapper\">\n<blockquote class=\"twitter-tweet\" data-width=\"550\" data-dnt=\"true\"><p lang=\"es\" dir=\"ltr\">En el marco de una nueva jornada tr\u00e1gica para la historia de nuestro pa\u00eds &#8211; que a\u00fan est\u00e1 transcurriendo &#8211; durante toda la tarde nos toc\u00f3 ver a las fuerzas de seguridad reprimiendo a  ciudadanos y ciudadanas que se encontraban manifestando en favor de los derechos de nuestros\u2026<\/p>&mdash; Juli\u00e1n \u00c1lvarez (@aJulianAlvarez) <a href=\"https:\/\/twitter.com\/aJulianAlvarez\/status\/1899991893356011852?ref_src=twsrc%5Etfw\">March 13, 2025<\/a><\/blockquote><script async src=\"https:\/\/platform.twitter.com\/widgets.js\" charset=\"utf-8\"><\/script>\n<\/div><\/figure>\n\n\n\n<p>En redes sociales como Twitter, Facebook y Bluesky, en tanto, muchos usuarios agitaban la consigna de un paro general contra el gobierno nacional por la represi\u00f3n ejercida durante la manifestaci\u00f3n de hoy.<\/p>\n\n\n\n<p>Desde lo institucional hubo varias reacciones en repudio a la represi\u00f3n.<br><br>La Uni\u00f3n C\u00ed\u00advica Radical (UCR) emiti\u00f3 un comunicado en el que deplora el \u201cferoz ataque a los jubilados\u201d y afirma que la ministra de Seguridad Nacional, Patricia Bullrich, \u201cfue generando con sus declaraciones el clima de violencia que termin\u00f3 hoy con decenas de heridos\u201d.<br><br>\u201cEs imperioso el esclarecimiento de hechos muy graves que se vieron hoy, como por ejemplo, el golpe con un palo de un polic\u00eda a una mujer mayor que cae herida en la vereda, el disparo de un gas en la cabeza del fot\u00f3grafo Pablo Grillo que lo hiri\u00f3 de gravedad o el abandono de un arma por parte de la polic\u00eda que qued\u00f3 registrado en im\u00e1genes period\u00edsticas\u201d, subraya la agrupaci\u00f3n partidaria en su texto.<\/p>\n\n\n\n<figure class=\"wp-block-image size-full\"><a href=\"https:\/\/www.elsindical.com.ar\/notas\/var\/www\/html\/notas\/wp-content\/uploads\/2025\/03\/policia-colocando-una-pistola.jpg\"><img loading=\"lazy\" decoding=\"async\" width=\"862\" height=\"573\" src=\"https:\/\/www.elsindical.com.ar\/notas\/var\/www\/html\/notas\/wp-content\/uploads\/2025\/03\/policia-colocando-una-pistola.jpg\" alt=\"\" class=\"wp-image-136606\" srcset=\"https:\/\/www.elsindical.com.ar\/notas\/var\/www\/html\/notas\/wp-content\/uploads\/2025\/03\/policia-colocando-una-pistola.jpg 862w, https:\/\/www.elsindical.com.ar\/notas\/var\/www\/html\/notas\/wp-content\/uploads\/2025\/03\/policia-colocando-una-pistola-300x199.jpg 300w, https:\/\/www.elsindical.com.ar\/notas\/var\/www\/html\/notas\/wp-content\/uploads\/2025\/03\/policia-colocando-una-pistola-768x511.jpg 768w\" sizes=\"auto, (max-width: 862px) 100vw, 862px\" \/><\/a><\/figure>\n\n\n\n<p>Por su parte, la Confederaci\u00f3n General del Trabajo (CGT) critic\u00f3 la \u201cvergonzosa violencia de un gobierno nacional autoritario\u201d, en un comunicado en el que manifest\u00f3 su \u201cm\u00e1s en\u00e9rgico repudio y profunda indignaci\u00f3n ante el salvaje accionar del gobierno nacional del presidente Javier Milei y la ministra Bullrich, quienes \u2013utilizando millonarios recursos del Estado argentino (al que declaran querer destruir)\u2013 reprimi\u00f3 de manera violenta, insensata e ilegal la manifestaci\u00f3n del d\u00eda de la fecha en la Plaza Congreso\u201d.<br><br>El Centro de Estudios Legales y Sociales (CELS) afirm\u00f3 que el gobierno \u201cresucita la narrativa del \u2018golpe de Estado\u2019 para justificar una represi\u00f3n feroz y una escalada de violencia que empez\u00f3 ayer con las amenazas de la ministra Bullrich\u201d, y enfatiz\u00f3: \u201cLas decenas de personas heridas y detenidas son trabajadores de prensa, jubilados, integrantes de organizaciones sociales, pol\u00edticas y sindicales. No hay golpe, hay represi\u00f3n\u201d.<br><br>El subsecretario bonaerense de Derechos Humanos, Mat\u00edas Moreno, manifest\u00f3: \u201cEl gobierno de Milei vuelve a usar las fuerzas del Estado contra los argentinos. Mayores y ni\u00f1os golpeados, decenas de detenidos y heridos, algunos luchando por su vida. En nuestra democracia no puede haber lugar para la represi\u00f3n\u201d.<br><br>La agrupaci\u00f3n La C\u00e1mpora, por su parte, realiz\u00f3 una publicaci\u00f3n en la que expres\u00f3: \u201cLa polic\u00eda de Patricia Bullrich, que hoy reprimi\u00f3 brutalmente afuera del Congreso, le parti\u00f3 la cabeza con una posta de gas lacrim\u00f3geno a un compa\u00f1ero fotoperiodista. Pablo estaba cubriendo la movilizaci\u00f3n y ahora est\u00e1 internado y luchando por su vida. La ministra, mientras tanto, sale por televisi\u00f3n diciendo que es \u2018un militante kirchnerista\u2019. Justifica que le hayan partido el cr\u00e1neo solo porque piensa distinto a su gobierno de mierda\u201d.<\/p>\n\n\n\n<p>\u201cUna vez m\u00e1s, la ministra que siempre baila con la muerte nos tiene a todos en la mira. Fuerza Pablo, orgullosamente militante y peronista. Acompa\u00f1amos a tu familia, y rezamos a Dios para que te d\u00e9 la fuerza necesaria para salir de esta\u201d, concluye el breve texto de La C\u00e1mpora.<\/p>\n\n\n\n<figure class=\"wp-block-embed is-type-video is-provider-youtube wp-block-embed-youtube wp-embed-aspect-16-9 wp-has-aspect-ratio\"><div class=\"wp-block-embed__wrapper\">\n<iframe loading=\"lazy\" title=\"Mlles de ciudadanos marchan contra la represi\u00f3n policial en la marcha de los jubilados\" width=\"700\" height=\"394\" src=\"https:\/\/www.youtube.com\/embed\/WA2LTwTxoiM?feature=oembed\" frameborder=\"0\" allow=\"accelerometer; autoplay; clipboard-write; encrypted-media; gyroscope; picture-in-picture; web-share\" referrerpolicy=\"strict-origin-when-cross-origin\" allowfullscreen><\/iframe>\n<\/div><\/figure>\n","protected":false},"excerpt":{"rendered":"<p>Desde distintos sectores se hicieron o\u00edr cr\u00edticas al accionar de las fuerzas de seguridad. Adem\u00e1s, en distintos barrios de la Capital Federal se produjo un cacerolazo en protesta por lo ocurrido. Y en las redes se clama por un paro general. La represi\u00f3n ejecutada por las fuerzas de seguridad durante la marcha de jubilados de&hellip;<\/p>\n","protected":false},"author":1,"featured_media":136607,"comment_status":"open","ping_status":"open","sticky":false,"template":"","format":"standard","meta":{"footnotes":""},"categories":[25],"tags":[4284,1481,2450,4084,44888,1241,11120],"class_list":["post-136605","post","type-post","status-publish","format-standard","has-post-thumbnail","hentry","category-sociedad","tag-caba","tag-congreso-de-la-nacion","tag-diario-el-sindical","tag-fuerzas-de-seguridad","tag-marcha-jubilados","tag-patricia-bullrich","tag-represion-policial"],"_links":{"self":[{"href":"https:\/\/www.elsindical.com.ar\/notas\/wp-json\/wp\/v2\/posts\/136605","targetHints":{"allow":["GET"]}}],"collection":[{"href":"https:\/\/www.elsindical.com.ar\/notas\/wp-json\/wp\/v2\/posts"}],"about":[{"href":"https:\/\/www.elsindical.com.ar\/notas\/wp-json\/wp\/v2\/types\/post"}],"author":[{"embeddable":true,"href":"https:\/\/www.elsindical.com.ar\/notas\/wp-json\/wp\/v2\/users\/1"}],"replies":[{"embeddable":true,"href":"https:\/\/www.elsindical.com.ar\/notas\/wp-json\/wp\/v2\/comments?post=136605"}],"version-history":[{"count":2,"href":"https:\/\/www.elsindical.com.ar\/notas\/wp-json\/wp\/v2\/posts\/136605\/revisions"}],"predecessor-version":[{"id":136610,"href":"https:\/\/www.elsindical.com.ar\/notas\/wp-json\/wp\/v2\/posts\/136605\/revisions\/136610"}],"wp:featuredmedia":[{"embeddable":true,"href":"https:\/\/www.elsindical.com.ar\/notas\/wp-json\/wp\/v2\/media\/136607"}],"wp:attachment":[{"href":"https:\/\/www.elsindical.com.ar\/notas\/wp-json\/wp\/v2\/media?parent=136605"}],"wp:term":[{"taxonomy":"category","embeddable":true,"href":"https:\/\/www.elsindical.com.ar\/notas\/wp-json\/wp\/v2\/categories?post=136605"},{"taxonomy":"post_tag","embeddable":true,"href":"https:\/\/www.elsindical.com.ar\/notas\/wp-json\/wp\/v2\/tags?post=136605"}],"curies":[{"name":"wp","href":"https:\/\/api.w.org\/{rel}","templated":true}]}}