{"id":136563,"date":"2025-03-11T16:17:11","date_gmt":"2025-03-11T19:17:11","guid":{"rendered":"https:\/\/www.elsindical.com.ar\/notas\/?p=136563"},"modified":"2025-03-11T16:17:17","modified_gmt":"2025-03-11T19:17:17","slug":"cristina-cruzo-a-milei-hay-que-poner-la-cara-y-la-billetera","status":"publish","type":"post","link":"https:\/\/www.elsindical.com.ar\/notas\/cristina-cruzo-a-milei-hay-que-poner-la-cara-y-la-billetera\/","title":{"rendered":"Cristina cruz\u00f3 a Milei: \u201cHay que poner la cara y la billetera\u201d"},"content":{"rendered":"<div class=\"wp-block-image\">\n<figure class=\"aligncenter size-full\"><a href=\"https:\/\/www.elsindical.com.ar\/notas\/var\/www\/html\/notas\/wp-content\/uploads\/2025\/03\/CFK-2025.jpg\"><img loading=\"lazy\" decoding=\"async\" width=\"700\" height=\"394\" src=\"https:\/\/www.elsindical.com.ar\/notas\/var\/www\/html\/notas\/wp-content\/uploads\/2025\/03\/CFK-2025.jpg\" alt=\"\" class=\"wp-image-136564\" srcset=\"https:\/\/www.elsindical.com.ar\/notas\/var\/www\/html\/notas\/wp-content\/uploads\/2025\/03\/CFK-2025.jpg 700w, https:\/\/www.elsindical.com.ar\/notas\/var\/www\/html\/notas\/wp-content\/uploads\/2025\/03\/CFK-2025-300x169.jpg 300w, https:\/\/www.elsindical.com.ar\/notas\/var\/www\/html\/notas\/wp-content\/uploads\/2025\/03\/CFK-2025-460x260.jpg 460w\" sizes=\"auto, (max-width: 700px) 100vw, 700px\" \/><\/a><\/figure>\n<\/div>\n\n\n<p>La ex presidenta <strong>Cristina Fern\u00e1ndez de Kirchner cuestion\u00f3 al presidente Javier Milei por su ausencia en Bah\u00eda Blanca<\/strong><a href=\"https:\/\/www.inforegion.com.ar\/2025\/03\/11\/temporal-fatal-en-bahia-blanca-el-reporte-del-gobierno-bonaerense\/\">,<\/a> devastada por el temporal que dej\u00f3 16 muertos, cientos de evacuados y da\u00f1os millonarios.<\/p>\n\n\n\n<p>\u201cPens\u00e9\u2026 \u2018seguro que este viaja a Bah\u00eda Blanca, porque lo que pas\u00f3 es apocal\u00edptico\u2019. Y no\u2026 nada. \u00a1Madre de Dios! <strong>\u00a1Qu\u00e9 desconexi\u00f3n emocional ten\u00e9s con los que sufren!<\/strong>\u201c, escribi\u00f3 en su cuenta de X (ex Twitter).<\/p>\n\n\n\n<p>La presidenta del PJ <strong>compar\u00f3 la actual inacci\u00f3n del Gobierno con su propio accionar frente a tragedias naturales durante su gesti\u00f3n<\/strong>. Y enumer\u00f3 visitas a Tartagal, Salta (2009), San Pedro, Misiones (2009), La Plata (2013) y Barrio Mitre, CABA (2013).<\/p>\n\n\n\n<figure class=\"wp-block-image size-full\"><a href=\"https:\/\/twitter.com\/CFKArgentina\/status\/1899430111033659649\"><img loading=\"lazy\" decoding=\"async\" width=\"700\" height=\"394\" src=\"https:\/\/www.elsindical.com.ar\/notas\/var\/www\/html\/notas\/wp-content\/uploads\/2025\/03\/twit-sobre-Millei-BB.jpg\" alt=\"\" class=\"wp-image-136565\" srcset=\"https:\/\/www.elsindical.com.ar\/notas\/var\/www\/html\/notas\/wp-content\/uploads\/2025\/03\/twit-sobre-Millei-BB.jpg 700w, https:\/\/www.elsindical.com.ar\/notas\/var\/www\/html\/notas\/wp-content\/uploads\/2025\/03\/twit-sobre-Millei-BB-300x169.jpg 300w, https:\/\/www.elsindical.com.ar\/notas\/var\/www\/html\/notas\/wp-content\/uploads\/2025\/03\/twit-sobre-Millei-BB-460x260.jpg 460w\" sizes=\"auto, (max-width: 700px) 100vw, 700px\" \/><\/a><\/figure>\n\n\n\n<p><strong>\u201cNo se trata solo de poner la cara para la tele, hay que poner la cara y la billetera para reconstruir Bah\u00eda Blanca\u201d<\/strong>, subray\u00f3. El Gobierno se comprometi\u00f3 a destinar 10.000 millones de pesos para asistir a la ciudad, pero la estimaci\u00f3n es de 400 mil millones de pesos.<\/p>\n\n\n\n<p>Adem\u00e1s, la ex mandataria cuestion\u00f3 el uso de 224 millones de d\u00f3lares del Banco Central para intervenir en el mercado cambiario y mantener estable el d\u00f3lar oficial: \u201cEn un d\u00eda quemaste m\u00e1s de la mitad de lo que necesitaba Bah\u00eda Blanca para su reconstrucci\u00f3n\u2026 fijate, Milei\u201d, reclama.<\/p>\n","protected":false},"excerpt":{"rendered":"<p>La ex presidenta Cristina Fern\u00e1ndez de Kirchner cuestion\u00f3 al presidente Javier Milei por su ausencia en Bah\u00eda Blanca, devastada por el temporal que dej\u00f3 16 muertos, cientos de evacuados y da\u00f1os millonarios. \u201cPens\u00e9\u2026 \u2018seguro que este viaja a Bah\u00eda Blanca, porque lo que pas\u00f3 es apocal\u00edptico\u2019. Y no\u2026 nada. \u00a1Madre de Dios! \u00a1Qu\u00e9 desconexi\u00f3n emocional&hellip;<\/p>\n","protected":false},"author":1,"featured_media":136564,"comment_status":"open","ping_status":"open","sticky":false,"template":"","format":"standard","meta":{"footnotes":""},"categories":[13],"tags":[15428,365,84,2450,28812],"class_list":["post-136563","post","type-post","status-publish","format-standard","has-post-thumbnail","hentry","category-politica","tag-asistencia","tag-bahia-blanca","tag-cristina-kirchner","tag-diario-el-sindical","tag-javier-milei"],"_links":{"self":[{"href":"https:\/\/www.elsindical.com.ar\/notas\/wp-json\/wp\/v2\/posts\/136563","targetHints":{"allow":["GET"]}}],"collection":[{"href":"https:\/\/www.elsindical.com.ar\/notas\/wp-json\/wp\/v2\/posts"}],"about":[{"href":"https:\/\/www.elsindical.com.ar\/notas\/wp-json\/wp\/v2\/types\/post"}],"author":[{"embeddable":true,"href":"https:\/\/www.elsindical.com.ar\/notas\/wp-json\/wp\/v2\/users\/1"}],"replies":[{"embeddable":true,"href":"https:\/\/www.elsindical.com.ar\/notas\/wp-json\/wp\/v2\/comments?post=136563"}],"version-history":[{"count":1,"href":"https:\/\/www.elsindical.com.ar\/notas\/wp-json\/wp\/v2\/posts\/136563\/revisions"}],"predecessor-version":[{"id":136566,"href":"https:\/\/www.elsindical.com.ar\/notas\/wp-json\/wp\/v2\/posts\/136563\/revisions\/136566"}],"wp:featuredmedia":[{"embeddable":true,"href":"https:\/\/www.elsindical.com.ar\/notas\/wp-json\/wp\/v2\/media\/136564"}],"wp:attachment":[{"href":"https:\/\/www.elsindical.com.ar\/notas\/wp-json\/wp\/v2\/media?parent=136563"}],"wp:term":[{"taxonomy":"category","embeddable":true,"href":"https:\/\/www.elsindical.com.ar\/notas\/wp-json\/wp\/v2\/categories?post=136563"},{"taxonomy":"post_tag","embeddable":true,"href":"https:\/\/www.elsindical.com.ar\/notas\/wp-json\/wp\/v2\/tags?post=136563"}],"curies":[{"name":"wp","href":"https:\/\/api.w.org\/{rel}","templated":true}]}}