{"id":136560,"date":"2025-03-11T16:08:22","date_gmt":"2025-03-11T19:08:22","guid":{"rendered":"https:\/\/www.elsindical.com.ar\/notas\/?p=136560"},"modified":"2025-03-11T16:08:28","modified_gmt":"2025-03-11T19:08:28","slug":"macri-cuestiono-el-acuerdo-con-el-fmi-demuestra-inestabilidad-institucional-y-no-ayuda-a-generar-confianza","status":"publish","type":"post","link":"https:\/\/www.elsindical.com.ar\/notas\/macri-cuestiono-el-acuerdo-con-el-fmi-demuestra-inestabilidad-institucional-y-no-ayuda-a-generar-confianza\/","title":{"rendered":"Macri cuestion\u00f3 el acuerdo con el FMI: \u201cDemuestra inestabilidad institucional y no ayuda a generar confianza\u201d"},"content":{"rendered":"<div class=\"wp-block-image\">\n<figure class=\"aligncenter size-full\"><a href=\"https:\/\/www.elsindical.com.ar\/notas\/var\/www\/html\/notas\/wp-content\/uploads\/2025\/03\/Milei-cuestionado-por-Macri.jpg\"><img loading=\"lazy\" decoding=\"async\" width=\"700\" height=\"394\" src=\"https:\/\/www.elsindical.com.ar\/notas\/var\/www\/html\/notas\/wp-content\/uploads\/2025\/03\/Milei-cuestionado-por-Macri.jpg\" alt=\"\" class=\"wp-image-136561\" srcset=\"https:\/\/www.elsindical.com.ar\/notas\/var\/www\/html\/notas\/wp-content\/uploads\/2025\/03\/Milei-cuestionado-por-Macri.jpg 700w, https:\/\/www.elsindical.com.ar\/notas\/var\/www\/html\/notas\/wp-content\/uploads\/2025\/03\/Milei-cuestionado-por-Macri-300x169.jpg 300w, https:\/\/www.elsindical.com.ar\/notas\/var\/www\/html\/notas\/wp-content\/uploads\/2025\/03\/Milei-cuestionado-por-Macri-460x260.jpg 460w\" sizes=\"auto, (max-width: 700px) 100vw, 700px\" \/><\/a><\/figure>\n<\/div>\n\n\n<p>El ex presidente cuestion\u00f3 la v\u00eda elegida por el Gobierno para avanzar en la negociaci\u00f3n con el organismo y advirti\u00f3 que \u00abno ayuda generar confianza\u00bb<\/p>\n\n\n\n<p>El expresidente\u00a0<strong>Mauricio Macri<\/strong>\u00a0expres\u00f3 su apoyo al nuevo acuerdo con el\u00a0<strong>Fondo Monetario Internacional (FMI)<\/strong>\u00a0que impulsa el Gobierno de\u00a0<strong>Javier Milei<\/strong>, pero cuestion\u00f3 la decisi\u00f3n de sellarlo a trav\u00e9s de un\u00a0<strong>Decreto de Necesidad y Urgencia (DNU)<\/strong>. Desde\u00a0<strong>Expoagro 2025<\/strong>, en\u00a0<strong>San Nicol\u00e1s<\/strong>, sostuvo que la medida \u201cno ayuda a generar confianza\u201d y reclam\u00f3 que se debata el\u00a0<strong>Presupuesto 2025<\/strong>en el Congreso.<\/p>\n\n\n\n<p>\u201cEl Gobierno evit\u00f3 la cat\u00e1strofe que hab\u00eda dejado puesta Alberto Fern\u00e1ndez, bajo la \u00faltima direcci\u00f3n de [Sergio] Massa, que hizo cosas criminales. Hay que hacer otro buen acuerdo con el Fondo y darle la mayor institucionalidad posible. Ser\u00eda bueno volver a poner el&nbsp;<strong>presupuesto sobre la mesa<\/strong>\u201d, afirm\u00f3.<\/p>\n\n\n\n<p>Consultado sobre el&nbsp;<strong>DNU<\/strong>, Macri fue categ\u00f3rico:&nbsp;<strong>\u201cDemuestra la debilidad institucional en que estamos y no ayuda a generar confianza\u201d<\/strong>. Desde&nbsp;<strong>Pro<\/strong>, ya hab\u00edan surgido cr\u00edticas a la administraci\u00f3n de Milei por no incluir el&nbsp;<strong>Presupuesto<\/strong>&nbsp;en el temario de&nbsp;<strong>sesiones extraordinarias<\/strong>. Actualmente, el Gobierno maneja las cuentas p\u00fablicas con los par\u00e1metros de la ley sancionada en&nbsp;<strong>2023<\/strong>, durante la gesti\u00f3n del&nbsp;<strong>Frente de Todos<\/strong>.<\/p>\n\n\n\n<p>Cabe recordar que Macri baj\u00f3 su presidencia eligi\u00f3 tomar el mismo camino y fue muy criticado. Adem\u00e1s, luego de esta decisi\u00f3n en 2023 se sancion\u00f3 la \u201cLey Guzm\u00e1n\u201d que <strong>dispone que cualquier programa de financiamiento u operaci\u00f3n de cr\u00e9dito p\u00fablico acordado con el FMI debe ser autorizado por ley del Congreso<\/strong><\/p>\n\n\n\n<h2 class=\"wp-block-heading\"><strong>La tragedia en Bah\u00eda Blanca y la obra p\u00fablica<\/strong><\/h2>\n\n\n\n<p>Durante su visita a&nbsp;<strong>Expoagro<\/strong>, el exmandatario tambi\u00e9n se refiri\u00f3 a la cat\u00e1strofe ocurrida en&nbsp;<strong>Bah\u00eda Blanca<\/strong>, donde las inundaciones causaron&nbsp;<strong>16 v\u00edctimas fatales<\/strong>y severos da\u00f1os materiales. Macri inst\u00f3 al Gobierno a&nbsp;<strong>sentarse a dialogar<\/strong>&nbsp;con el gobernador de Buenos Aires,&nbsp;<strong>Axel Kicillof<\/strong>, para coordinar medidas de asistencia.<\/p>\n\n\n\n<p>\u201cEl Estado tiene que estar presente en este tipo de situaciones. A veces no es agradable hablar con algunos dirigentes, pero en este caso hay que hacerlo. La&nbsp;<strong>obra p\u00fablica<\/strong>&nbsp;es necesaria para evitar tragedias como la de Bah\u00eda Blanca\u201d, enfatiz\u00f3.<\/p>\n\n\n\n<p>Macri evit\u00f3 hacer definiciones electorales y se\u00f1al\u00f3 que reci\u00e9n&nbsp;<strong>despu\u00e9s del 20 de marzo<\/strong>, tras su regreso de&nbsp;<strong>Bolonia<\/strong>, tomar\u00e1 decisiones sobre su futuro pol\u00edtico.&nbsp;<\/p>\n\n\n\n<p><\/p>\n","protected":false},"excerpt":{"rendered":"<p>El ex presidente cuestion\u00f3 la v\u00eda elegida por el Gobierno para avanzar en la negociaci\u00f3n con el organismo y advirti\u00f3 que \u00abno ayuda generar confianza\u00bb El expresidente\u00a0Mauricio Macri\u00a0expres\u00f3 su apoyo al nuevo acuerdo con el\u00a0Fondo Monetario Internacional (FMI)\u00a0que impulsa el Gobierno de\u00a0Javier Milei, pero cuestion\u00f3 la decisi\u00f3n de sellarlo a trav\u00e9s de un\u00a0Decreto de Necesidad&hellip;<\/p>\n","protected":false},"author":1,"featured_media":136561,"comment_status":"open","ping_status":"open","sticky":false,"template":"","format":"standard","meta":{"footnotes":""},"categories":[13],"tags":[40327,2450,2187,6925,28812,44881,76],"class_list":["post-136560","post","type-post","status-publish","format-standard","has-post-thumbnail","hentry","category-politica","tag-criticas-2","tag-diario-el-sindical","tag-dnu","tag-fmi","tag-javier-milei","tag-ley-gzman","tag-mauricio-macri"],"_links":{"self":[{"href":"https:\/\/www.elsindical.com.ar\/notas\/wp-json\/wp\/v2\/posts\/136560","targetHints":{"allow":["GET"]}}],"collection":[{"href":"https:\/\/www.elsindical.com.ar\/notas\/wp-json\/wp\/v2\/posts"}],"about":[{"href":"https:\/\/www.elsindical.com.ar\/notas\/wp-json\/wp\/v2\/types\/post"}],"author":[{"embeddable":true,"href":"https:\/\/www.elsindical.com.ar\/notas\/wp-json\/wp\/v2\/users\/1"}],"replies":[{"embeddable":true,"href":"https:\/\/www.elsindical.com.ar\/notas\/wp-json\/wp\/v2\/comments?post=136560"}],"version-history":[{"count":1,"href":"https:\/\/www.elsindical.com.ar\/notas\/wp-json\/wp\/v2\/posts\/136560\/revisions"}],"predecessor-version":[{"id":136562,"href":"https:\/\/www.elsindical.com.ar\/notas\/wp-json\/wp\/v2\/posts\/136560\/revisions\/136562"}],"wp:featuredmedia":[{"embeddable":true,"href":"https:\/\/www.elsindical.com.ar\/notas\/wp-json\/wp\/v2\/media\/136561"}],"wp:attachment":[{"href":"https:\/\/www.elsindical.com.ar\/notas\/wp-json\/wp\/v2\/media?parent=136560"}],"wp:term":[{"taxonomy":"category","embeddable":true,"href":"https:\/\/www.elsindical.com.ar\/notas\/wp-json\/wp\/v2\/categories?post=136560"},{"taxonomy":"post_tag","embeddable":true,"href":"https:\/\/www.elsindical.com.ar\/notas\/wp-json\/wp\/v2\/tags?post=136560"}],"curies":[{"name":"wp","href":"https:\/\/api.w.org\/{rel}","templated":true}]}}