{"id":136533,"date":"2025-03-09T23:29:21","date_gmt":"2025-03-10T02:29:21","guid":{"rendered":"https:\/\/www.elsindical.com.ar\/notas\/?p=136533"},"modified":"2025-03-09T23:29:27","modified_gmt":"2025-03-10T02:29:27","slug":"bahia-blanca-las-autoridades-educativas-suspendieron-las-clases-del-lunes-y-martes-por-el-feroz-temporal","status":"publish","type":"post","link":"https:\/\/www.elsindical.com.ar\/notas\/bahia-blanca-las-autoridades-educativas-suspendieron-las-clases-del-lunes-y-martes-por-el-feroz-temporal\/","title":{"rendered":"Bah\u00eda Blanca: las autoridades educativas suspendieron las clases del lunes y martes por el feroz temporal"},"content":{"rendered":"\n<figure class=\"wp-block-image size-full\"><a href=\"https:\/\/www.elsindical.com.ar\/notas\/var\/www\/html\/notas\/wp-content\/uploads\/2025\/03\/ninos-en-Bahia-Blanca.jpg\"><img loading=\"lazy\" decoding=\"async\" width=\"940\" height=\"508\" src=\"https:\/\/www.elsindical.com.ar\/notas\/var\/www\/html\/notas\/wp-content\/uploads\/2025\/03\/ninos-en-Bahia-Blanca.jpg\" alt=\"\" class=\"wp-image-136534\" srcset=\"https:\/\/www.elsindical.com.ar\/notas\/var\/www\/html\/notas\/wp-content\/uploads\/2025\/03\/ninos-en-Bahia-Blanca.jpg 940w, https:\/\/www.elsindical.com.ar\/notas\/var\/www\/html\/notas\/wp-content\/uploads\/2025\/03\/ninos-en-Bahia-Blanca-300x162.jpg 300w, https:\/\/www.elsindical.com.ar\/notas\/var\/www\/html\/notas\/wp-content\/uploads\/2025\/03\/ninos-en-Bahia-Blanca-768x415.jpg 768w\" sizes=\"auto, (max-width: 940px) 100vw, 940px\" \/><\/a><\/figure>\n\n\n\n<p class=\"wp-block-paragraph\">Las graves consecuencias ocasionadas por las inundaciones obligaron a tomar esta medida. El partido de Villarino tambi\u00e9n se suma a la suspensi\u00f3n de clases.<\/p>\n\n\n\n<p class=\"wp-block-paragraph\">Las autoridades educativas de la provincia de <strong>Buenos Aires<\/strong> informaron este domingo que las <strong>clases<\/strong> ser\u00e1n <strong>suspendidas<\/strong> el <strong>lunes 10<\/strong> y <strong>martes 11 de marzo<\/strong> en las ciudades de\u00a0<strong>Bah\u00eda Blanca<\/strong> y <strong>Coronel Rosales<\/strong>, tanto en escuelas p\u00fablicos como privadas.<\/p>\n\n\n\n<p class=\"wp-block-paragraph\">Adem\u00e1s, el partido de <strong>Villarino<\/strong> tambi\u00e9n se suma a la suspensi\u00f3n de clases, mientras que en <strong>Monte Hermoso<\/strong> y <strong>Patagones<\/strong>, las actividades escolares se desarrollar\u00e1n con <strong>normalidad<\/strong>, seg\u00fan comunic\u00f3 la\u00a0<strong>Jefatura de Educaci\u00f3n Regi\u00f3n 22<\/strong>.<\/p>\n\n\n\n<p class=\"wp-block-paragraph\">La <strong>Direcci\u00f3n General de Cultura y Educaci\u00f3n<\/strong> hizo un llamado a los equipos directivos, docentes y personal no docente para que se acerquen a las instituciones, siempre que sea posible, con el objetivo de <strong>evaluar los da\u00f1os<\/strong> y asegurar una pronta y segura reanudaci\u00f3n de las clases.<\/p>\n\n\n\n<h2 class=\"wp-block-heading\">Bah\u00eda Blanca: estado de emergencia por 48 horas<\/h2>\n\n\n\n<p class=\"wp-block-paragraph\">La municipalidad de Bah\u00eda Blanca, junto con la provincia de Buenos Aires, las Fuerzas Federales de Seguridad, la Armada y el Ej\u00e9rcito Argentino, contin\u00faa con las <strong>tareas de asistencia y rescate<\/strong> en las zonas m\u00e1s afectadas por el temporal.<\/p>\n\n\n\n<p class=\"wp-block-paragraph\">El fuerte temporal de lluvias dej\u00f3 <strong>16 v\u00edctimas fatales<\/strong> y se mantiene la b\u00fasqueda de <strong>personas desaparecidas<\/strong>, mientras las autoridades intentan restablecer los servicios en distintos puntos de la ciudad y en las localidades de <strong>General Daniel Cerri<\/strong> e <strong>Ingeniero White<\/strong>.<\/p>\n\n\n\n<h2 class=\"wp-block-heading\">Desesperada b\u00fasqueda en Bah\u00eda Blanca<\/h2>\n\n\n\n<figure class=\"wp-block-image size-large\"><a href=\"https:\/\/www.elsindical.com.ar\/notas\/var\/www\/html\/notas\/wp-content\/uploads\/2025\/03\/busqueda-Delfina-y-Pilar.jpg\"><img loading=\"lazy\" decoding=\"async\" width=\"990\" height=\"1024\" src=\"https:\/\/www.elsindical.com.ar\/notas\/var\/www\/html\/notas\/wp-content\/uploads\/2025\/03\/busqueda-Delfina-y-Pilar-990x1024.jpg\" alt=\"\" class=\"wp-image-136535\" srcset=\"https:\/\/www.elsindical.com.ar\/notas\/var\/www\/html\/notas\/wp-content\/uploads\/2025\/03\/busqueda-Delfina-y-Pilar-990x1024.jpg 990w, https:\/\/www.elsindical.com.ar\/notas\/var\/www\/html\/notas\/wp-content\/uploads\/2025\/03\/busqueda-Delfina-y-Pilar-290x300.jpg 290w, https:\/\/www.elsindical.com.ar\/notas\/var\/www\/html\/notas\/wp-content\/uploads\/2025\/03\/busqueda-Delfina-y-Pilar-768x794.jpg 768w, https:\/\/www.elsindical.com.ar\/notas\/var\/www\/html\/notas\/wp-content\/uploads\/2025\/03\/busqueda-Delfina-y-Pilar.jpg 1280w\" sizes=\"auto, (max-width: 990px) 100vw, 990px\" \/><\/a><\/figure>\n\n\n\n<p class=\"wp-block-paragraph\"><strong>Delfina<\/strong> y <strong>Pilar Hecker<\/strong>\u00a0(1 y 5 a\u00f1os), son <strong>intensamente buscadas<\/strong> tras ser arrastradas por la corriente durante el fuerte temporal que azot\u00f3 la ciudad de Bah\u00eda Blanca, donde se produjeron <strong>graves destrozos<\/strong>, seg\u00fan confirmaron fuentes oficiales.<\/p>\n\n\n\n<p class=\"wp-block-paragraph\">El viernes al mediod\u00eda, las ni\u00f1as viajaban con sus padres rumbo a <strong>Mayor Buratovich<\/strong>. La familia intentaba llegar a la casa de unos parientes para resguardarse de las tormentas alertadas por el <strong>Servicio Meteorol\u00f3gico Nacional<\/strong> (SMN).<\/p>\n\n\n\n<p class=\"wp-block-paragraph\">Sin embargo, en plena ruta, el auto conducido por <strong>Andr\u00e9s Hecker<\/strong>, padre de las menores, qued\u00f3 atrapado en el agua sobre la <strong>ruta 3<\/strong> y fue arrastrado.<\/p>\n\n\n\n<p class=\"wp-block-paragraph\">En ese momento, el conductor de una camioneta intent\u00f3 <strong>auxiliarlos<\/strong>. Sin embargo, cuando la familia hac\u00eda el <strong>trasbordo<\/strong> de un veh\u00edculo a otro, una correntada m\u00e1s fuerte los arrastr\u00f3 a todos.<\/p>\n","protected":false},"excerpt":{"rendered":"<p>Las graves consecuencias ocasionadas por las inundaciones obligaron a tomar esta medida. El partido de Villarino tambi\u00e9n se suma a la suspensi\u00f3n de clases. Las autoridades educativas de la provincia de Buenos Aires informaron este domingo que las clases ser\u00e1n suspendidas el lunes 10 y martes 11 de marzo en las ciudades de\u00a0Bah\u00eda Blanca y&hellip;<\/p>\n","protected":false},"author":1,"featured_media":136534,"comment_status":"open","ping_status":"open","sticky":false,"template":"","format":"standard","meta":{"footnotes":""},"categories":[25],"tags":[365,44872,24888,44871,2450,5210,1788],"class_list":["post-136533","post","type-post","status-publish","format-standard","has-post-thumbnail","hentry","category-sociedad","tag-bahia-blanca","tag-clases-suspendidas","tag-coronel-rosales","tag-delfina-y-pilar-hecker","tag-diario-el-sindical","tag-emergencia","tag-ninos"],"_links":{"self":[{"href":"https:\/\/www.elsindical.com.ar\/notas\/wp-json\/wp\/v2\/posts\/136533","targetHints":{"allow":["GET"]}}],"collection":[{"href":"https:\/\/www.elsindical.com.ar\/notas\/wp-json\/wp\/v2\/posts"}],"about":[{"href":"https:\/\/www.elsindical.com.ar\/notas\/wp-json\/wp\/v2\/types\/post"}],"author":[{"embeddable":true,"href":"https:\/\/www.elsindical.com.ar\/notas\/wp-json\/wp\/v2\/users\/1"}],"replies":[{"embeddable":true,"href":"https:\/\/www.elsindical.com.ar\/notas\/wp-json\/wp\/v2\/comments?post=136533"}],"version-history":[{"count":1,"href":"https:\/\/www.elsindical.com.ar\/notas\/wp-json\/wp\/v2\/posts\/136533\/revisions"}],"predecessor-version":[{"id":136536,"href":"https:\/\/www.elsindical.com.ar\/notas\/wp-json\/wp\/v2\/posts\/136533\/revisions\/136536"}],"wp:featuredmedia":[{"embeddable":true,"href":"https:\/\/www.elsindical.com.ar\/notas\/wp-json\/wp\/v2\/media\/136534"}],"wp:attachment":[{"href":"https:\/\/www.elsindical.com.ar\/notas\/wp-json\/wp\/v2\/media?parent=136533"}],"wp:term":[{"taxonomy":"category","embeddable":true,"href":"https:\/\/www.elsindical.com.ar\/notas\/wp-json\/wp\/v2\/categories?post=136533"},{"taxonomy":"post_tag","embeddable":true,"href":"https:\/\/www.elsindical.com.ar\/notas\/wp-json\/wp\/v2\/tags?post=136533"}],"curies":[{"name":"wp","href":"https:\/\/api.w.org\/{rel}","templated":true}]}}