{"id":136473,"date":"2025-03-05T11:24:43","date_gmt":"2025-03-05T14:24:43","guid":{"rendered":"https:\/\/www.elsindical.com.ar\/notas\/?p=136473"},"modified":"2025-03-05T11:24:50","modified_gmt":"2025-03-05T14:24:50","slug":"descontaran-el-dia-a-los-docentes-que-adhieran-al-paro-en-la-provincia","status":"publish","type":"post","link":"https:\/\/www.elsindical.com.ar\/notas\/descontaran-el-dia-a-los-docentes-que-adhieran-al-paro-en-la-provincia\/","title":{"rendered":"Descontar\u00e1n el d\u00eda a los docentes que adhieran al paro en la Provincia"},"content":{"rendered":"\n<figure class=\"wp-block-image size-large\"><a href=\"https:\/\/www.elsindical.com.ar\/notas\/var\/www\/html\/notas\/wp-content\/uploads\/2022\/11\/Walter-Correa-ministro-trabajo.jpg\"><img loading=\"lazy\" decoding=\"async\" width=\"1024\" height=\"576\" src=\"https:\/\/www.elsindical.com.ar\/notas\/var\/www\/html\/notas\/wp-content\/uploads\/2022\/11\/Walter-Correa-ministro-trabajo-1024x576.jpg\" alt=\"\" class=\"wp-image-117753\" srcset=\"https:\/\/www.elsindical.com.ar\/notas\/var\/www\/html\/notas\/wp-content\/uploads\/2022\/11\/Walter-Correa-ministro-trabajo-1024x576.jpg 1024w, https:\/\/www.elsindical.com.ar\/notas\/var\/www\/html\/notas\/wp-content\/uploads\/2022\/11\/Walter-Correa-ministro-trabajo-300x169.jpg 300w, https:\/\/www.elsindical.com.ar\/notas\/var\/www\/html\/notas\/wp-content\/uploads\/2022\/11\/Walter-Correa-ministro-trabajo-768x432.jpg 768w, https:\/\/www.elsindical.com.ar\/notas\/var\/www\/html\/notas\/wp-content\/uploads\/2022\/11\/Walter-Correa-ministro-trabajo-500x281.jpg 500w, https:\/\/www.elsindical.com.ar\/notas\/var\/www\/html\/notas\/wp-content\/uploads\/2022\/11\/Walter-Correa-ministro-trabajo-460x260.jpg 460w, https:\/\/www.elsindical.com.ar\/notas\/var\/www\/html\/notas\/wp-content\/uploads\/2022\/11\/Walter-Correa-ministro-trabajo.jpg 1200w\" sizes=\"auto, (max-width: 1024px) 100vw, 1024px\" \/><\/a><\/figure>\n\n\n\n<p>El gobierno bonaerense asegur\u00f3 que el paro convocado por la rama disidente de Suteba carece de legitimidad y se descontar\u00e1 el d\u00eda.<\/p>\n\n\n\n<p><strong>El Gobierno de la provincia de Buenos Aires anunci\u00f3 que\u00a0descontar\u00e1 el salario a los docentes que adhieran al paro convocado para este mi\u00e9rcoles<\/strong>, en el inicio del ciclo lectivo.<\/p>\n\n\n\n<p>La medida de fuerza fue <strong>impulsada por\u00a0SUTEBA Multicolor<\/strong>, la agrupaci\u00f3n opositora a la conducci\u00f3n de\u00a0Roberto Baradel, que acept\u00f3 la oferta salarial del Ejecutivo provincial en la \u00faltima negociaci\u00f3n paritaria.<\/p>\n\n\n\n<p>A trav\u00e9s de un comunicado titulado&nbsp;\u201cLlamado a la reflexi\u00f3n\u201d, <strong>el&nbsp;Ministerio de Trabajo bonaerense, encabezado por&nbsp;Walter Correa, sostuvo que la huelga carece de legitimidad<\/strong>, ya que&nbsp;solo los sindicatos formalmente reconocidos por la Ley de Asociaciones Profesionales pueden convocar a un paro.<\/p>\n\n\n\n<p><strong>\u201cUna decisi\u00f3n de tales caracter\u00edsticas pone en riesgo el salario de los trabajadores de la educaci\u00f3n que no presten tareas\u201d<\/strong>, afirm\u00f3 el Gobierno provincial, en referencia al descuento salarial para quienes participen de la protesta.<\/p>\n\n\n\n<p>El argumento oficial se basa en que la negociaci\u00f3n paritaria con el sector docente ya fue acordada con los gremios mayoritarios y&nbsp;se estableci\u00f3 un aumento del 9% en dos tramos (7% en febrero y 2% en marzo).<\/p>\n","protected":false},"excerpt":{"rendered":"<p>El gobierno bonaerense asegur\u00f3 que el paro convocado por la rama disidente de Suteba carece de legitimidad y se descontar\u00e1 el d\u00eda. El Gobierno de la provincia de Buenos Aires anunci\u00f3 que\u00a0descontar\u00e1 el salario a los docentes que adhieran al paro convocado para este mi\u00e9rcoles, en el inicio del ciclo lectivo. La medida de fuerza&hellip;<\/p>\n","protected":false},"author":1,"featured_media":117753,"comment_status":"open","ping_status":"open","sticky":false,"template":"","format":"standard","meta":{"footnotes":""},"categories":[16,13],"tags":[2450,7790,24458,41500,4214],"class_list":["post-136473","post","type-post","status-publish","format-standard","has-post-thumbnail","hentry","category-gremiales","category-politica","tag-diario-el-sindical","tag-gobierno-bonaerense","tag-paro-docente","tag-suteba-multicolor","tag-walter-correa"],"_links":{"self":[{"href":"https:\/\/www.elsindical.com.ar\/notas\/wp-json\/wp\/v2\/posts\/136473","targetHints":{"allow":["GET"]}}],"collection":[{"href":"https:\/\/www.elsindical.com.ar\/notas\/wp-json\/wp\/v2\/posts"}],"about":[{"href":"https:\/\/www.elsindical.com.ar\/notas\/wp-json\/wp\/v2\/types\/post"}],"author":[{"embeddable":true,"href":"https:\/\/www.elsindical.com.ar\/notas\/wp-json\/wp\/v2\/users\/1"}],"replies":[{"embeddable":true,"href":"https:\/\/www.elsindical.com.ar\/notas\/wp-json\/wp\/v2\/comments?post=136473"}],"version-history":[{"count":1,"href":"https:\/\/www.elsindical.com.ar\/notas\/wp-json\/wp\/v2\/posts\/136473\/revisions"}],"predecessor-version":[{"id":136474,"href":"https:\/\/www.elsindical.com.ar\/notas\/wp-json\/wp\/v2\/posts\/136473\/revisions\/136474"}],"wp:featuredmedia":[{"embeddable":true,"href":"https:\/\/www.elsindical.com.ar\/notas\/wp-json\/wp\/v2\/media\/117753"}],"wp:attachment":[{"href":"https:\/\/www.elsindical.com.ar\/notas\/wp-json\/wp\/v2\/media?parent=136473"}],"wp:term":[{"taxonomy":"category","embeddable":true,"href":"https:\/\/www.elsindical.com.ar\/notas\/wp-json\/wp\/v2\/categories?post=136473"},{"taxonomy":"post_tag","embeddable":true,"href":"https:\/\/www.elsindical.com.ar\/notas\/wp-json\/wp\/v2\/tags?post=136473"}],"curies":[{"name":"wp","href":"https:\/\/api.w.org\/{rel}","templated":true}]}}