{"id":136465,"date":"2025-03-04T15:20:04","date_gmt":"2025-03-04T18:20:04","guid":{"rendered":"https:\/\/www.elsindical.com.ar\/notas\/?p=136465"},"modified":"2025-03-04T16:51:31","modified_gmt":"2025-03-04T19:51:31","slug":"ivan-renkine-sancionado","status":"publish","type":"post","link":"https:\/\/www.elsindical.com.ar\/notas\/ivan-renkine-sancionado\/","title":{"rendered":"Iv\u00e1n Renkine sancionado"},"content":{"rendered":"<div class=\"wp-block-image\">\n<figure class=\"aligncenter size-full\"><a href=\"https:\/\/www.elsindical.com.ar\/notas\/var\/www\/html\/notas\/wp-content\/uploads\/2025\/03\/Renkine-sancionado.jpg\"><img loading=\"lazy\" decoding=\"async\" width=\"500\" height=\"788\" src=\"https:\/\/www.elsindical.com.ar\/notas\/var\/www\/html\/notas\/wp-content\/uploads\/2025\/03\/Renkine-sancionado.jpg\" alt=\"\" class=\"wp-image-136466\" srcset=\"https:\/\/www.elsindical.com.ar\/notas\/var\/www\/html\/notas\/wp-content\/uploads\/2025\/03\/Renkine-sancionado.jpg 500w, https:\/\/www.elsindical.com.ar\/notas\/var\/www\/html\/notas\/wp-content\/uploads\/2025\/03\/Renkine-sancionado-190x300.jpg 190w\" sizes=\"auto, (max-width: 500px) 100vw, 500px\" \/><\/a><\/figure>\n<\/div>\n\n\n<p class=\"wp-block-paragraph\">   El medi\u00e1tico empresario Pablo Iv\u00e1n Renkine, dedicado al rubro inmobiliario y con amplia presencia en las redes sociales, donde ha encontrado un nicho para potenciar sus negocios, vendiendo participaciones en proyectos, ofreciendo cursos y nada mejor que que te paguen por pavonearte como un exitoso gur\u00fa.<\/p>\n\n\n\n<p class=\"wp-block-paragraph\">Luego de un vivo en el que fingi\u00f3 dolor por la exposici\u00f3n negativa de su imagen, lo que le preocupa m\u00e1s que la muerte del joven Fausto Maldonado en una de sus obras, qued\u00f3 en claro para la sociedad que no compra \u00abespejitos de colores\u00bb que para Renkine la culpa siempre es del otro.<\/p>\n\n\n\n<p class=\"wp-block-paragraph\">Como todo personaje que se cree un estratega, antes del video donde se queja de la sanci\u00f3n impuesta por el Colegio de Martilleros de Dolores, Renkine se tom\u00f3 el tiempo de proponer la desregulaci\u00f3n de los colegios, que seg\u00fan sus dichos no hacen otra cosa que facturarles a los profesionales pero no brindan ninguna asistencia a los profesionales ni cumplen aporte alguno a la sociedad, considerando que todos los mayores de 30 a\u00f1os deb\u00edan irse.<\/p>\n\n\n\n<p class=\"wp-block-paragraph\">Nada es casual en los videos de este profesional de la manipulaci\u00f3n y como se puede ver y o\u00edr en el nuevo video, Renkine ya sab\u00eda de las sanciones en su contra y adem\u00e1s de su abogado apelando las sanciones, \u00e9l uso las redes sociales para hacer pol\u00edtica contra el Colegio de Martilleros de Dolores, pero de manera encubierta hablando en los anteriores videos de \u00ablos colegios\u00bb, con esa generalidad, consigue enviar el mensaje a los involucrados, que no se pregunten quienes lo escuchan qu\u00e9 pas\u00f3 con el colegio si lo menciona y sumar opiniones de otros profesionales que no sean de la zona.<\/p>\n\n\n\n<p class=\"wp-block-paragraph\">En este nuevo video vuelve a jugar a la v\u00edctima, un recurso del que ya no puede seguir abusando porque adem\u00e1s de que la gente se cansa, comienza a preguntarse si no ser\u00e1 \u00e9l, el de los problemas, porque es dif\u00edcil sea el mundo contra \u00e9l, m\u00e1s all\u00e1 que \u00e9l si cree ser alguien envidiado.<\/p>\n\n\n\n<p class=\"wp-block-paragraph\">Vale recordar que Renkine cuenta lo que a el le conviene y que esa supuesta carrera exitosa como empresario y crecimiento de su inmobiliaria tiene tambi\u00e9n sus manchas de las que no se hace cargo ni menciona, no todo es brindis y festejos, porque ha sido demandado por da\u00f1os y perjuicios al realizar operaciones inmobiliarias fallidas que adem\u00e1s demuestran que no es el profesional que dice ser por la negligente maniobra que motivara el reclamo.<\/p>\n\n\n\n<p class=\"wp-block-paragraph\">Cada vez que Iv\u00e1n Renkine habla, se disparan varias investigaciones period\u00edsticas que involucran a otros empresarios y reconocidas empresas sobre las que las autoridades no han controlado,<\/p>\n\n\n\n<figure class=\"wp-block-embed is-type-video is-provider-youtube wp-block-embed-youtube wp-embed-aspect-16-9 wp-has-aspect-ratio\"><div class=\"wp-block-embed__wrapper\">\n<iframe loading=\"lazy\" title=\"Iv\u00e1n Renkine sancionado\" width=\"700\" height=\"394\" src=\"https:\/\/www.youtube.com\/embed\/z-GtnyAJqzg?feature=oembed\" frameborder=\"0\" allow=\"accelerometer; autoplay; clipboard-write; encrypted-media; gyroscope; picture-in-picture; web-share\" referrerpolicy=\"strict-origin-when-cross-origin\" allowfullscreen><\/iframe>\n<\/div><\/figure>\n\n\n\n<p class=\"wp-block-paragraph\">Por Marcelo Ricardo Hawrylciw<\/p>\n","protected":false},"excerpt":{"rendered":"<p>El medi\u00e1tico empresario Pablo Iv\u00e1n Renkine, dedicado al rubro inmobiliario y con amplia presencia en las redes sociales, donde ha encontrado un nicho para potenciar sus negocios, vendiendo participaciones en proyectos, ofreciendo cursos y nada mejor que que te paguen por pavonearte como un exitoso gur\u00fa. Luego de un vivo en el que fingi\u00f3 dolor&hellip;<\/p>\n","protected":false},"author":1,"featured_media":136466,"comment_status":"open","ping_status":"open","sticky":false,"template":"","format":"standard","meta":{"footnotes":""},"categories":[10],"tags":[501,44856,2450,944,44708,44680,1516,2605,4554],"class_list":["post-136465","post","type-post","status-publish","format-standard","has-post-thumbnail","hentry","category-editorial","tag-abogado","tag-colegio-de-martilleros-de-dolores","tag-diario-el-sindical","tag-empresario","tag-justicia-por-fausto","tag-pablo-ivan-renkine","tag-pinamar","tag-redes-sociales","tag-sancion"],"_links":{"self":[{"href":"https:\/\/www.elsindical.com.ar\/notas\/wp-json\/wp\/v2\/posts\/136465","targetHints":{"allow":["GET"]}}],"collection":[{"href":"https:\/\/www.elsindical.com.ar\/notas\/wp-json\/wp\/v2\/posts"}],"about":[{"href":"https:\/\/www.elsindical.com.ar\/notas\/wp-json\/wp\/v2\/types\/post"}],"author":[{"embeddable":true,"href":"https:\/\/www.elsindical.com.ar\/notas\/wp-json\/wp\/v2\/users\/1"}],"replies":[{"embeddable":true,"href":"https:\/\/www.elsindical.com.ar\/notas\/wp-json\/wp\/v2\/comments?post=136465"}],"version-history":[{"count":2,"href":"https:\/\/www.elsindical.com.ar\/notas\/wp-json\/wp\/v2\/posts\/136465\/revisions"}],"predecessor-version":[{"id":136468,"href":"https:\/\/www.elsindical.com.ar\/notas\/wp-json\/wp\/v2\/posts\/136465\/revisions\/136468"}],"wp:featuredmedia":[{"embeddable":true,"href":"https:\/\/www.elsindical.com.ar\/notas\/wp-json\/wp\/v2\/media\/136466"}],"wp:attachment":[{"href":"https:\/\/www.elsindical.com.ar\/notas\/wp-json\/wp\/v2\/media?parent=136465"}],"wp:term":[{"taxonomy":"category","embeddable":true,"href":"https:\/\/www.elsindical.com.ar\/notas\/wp-json\/wp\/v2\/categories?post=136465"},{"taxonomy":"post_tag","embeddable":true,"href":"https:\/\/www.elsindical.com.ar\/notas\/wp-json\/wp\/v2\/tags?post=136465"}],"curies":[{"name":"wp","href":"https:\/\/api.w.org\/{rel}","templated":true}]}}