{"id":136424,"date":"2025-03-03T02:12:58","date_gmt":"2025-03-03T05:12:58","guid":{"rendered":"https:\/\/www.elsindical.com.ar\/notas\/?p=136424"},"modified":"2025-03-03T02:13:11","modified_gmt":"2025-03-03T05:13:11","slug":"la-matanza-allanamiento-y-aprehendido-por-mega-estafa","status":"publish","type":"post","link":"https:\/\/www.elsindical.com.ar\/notas\/la-matanza-allanamiento-y-aprehendido-por-mega-estafa\/","title":{"rendered":"La Matanza: Allanamiento y aprehendido por mega estafa"},"content":{"rendered":"<div class=\"wp-block-image\">\n<figure class=\"aligncenter size-large is-resized\"><a href=\"https:\/\/www.elsindical.com.ar\/notas\/var\/www\/html\/notas\/wp-content\/uploads\/2025\/03\/La-Matanza-allana-y-aprehendido-por-estafa-2-de-marzo-25-30.jpeg\"><img loading=\"lazy\" decoding=\"async\" width=\"768\" height=\"1024\" src=\"https:\/\/www.elsindical.com.ar\/notas\/var\/www\/html\/notas\/wp-content\/uploads\/2025\/03\/La-Matanza-allana-y-aprehendido-por-estafa-2-de-marzo-25-30-768x1024.jpeg\" alt=\"\" class=\"wp-image-136425\" style=\"width:434px;height:auto\" srcset=\"https:\/\/www.elsindical.com.ar\/notas\/var\/www\/html\/notas\/wp-content\/uploads\/2025\/03\/La-Matanza-allana-y-aprehendido-por-estafa-2-de-marzo-25-30-768x1024.jpeg 768w, https:\/\/www.elsindical.com.ar\/notas\/var\/www\/html\/notas\/wp-content\/uploads\/2025\/03\/La-Matanza-allana-y-aprehendido-por-estafa-2-de-marzo-25-30-225x300.jpeg 225w, https:\/\/www.elsindical.com.ar\/notas\/var\/www\/html\/notas\/wp-content\/uploads\/2025\/03\/La-Matanza-allana-y-aprehendido-por-estafa-2-de-marzo-25-30.jpeg 960w\" sizes=\"auto, (max-width: 768px) 100vw, 768px\" \/><\/a><\/figure>\n<\/div>\n\n\n<p>   La polic\u00eda bonaerense, logr\u00f3 la aprehensi\u00f3n de un hombre que mediante enga\u00f1os pretend\u00eda llevar adelante una mega estafa, promocionando la venta de terrenos en un predio,<\/p>\n\n\n\n<p>El parte policial:<\/p>\n\n\n\n<p>DDI LA MATANZA<em>CCA RESULTADO DE ALLANAMIENTO CAUSA: IPP 05-00-0011519-25. INT: UFI 8 Dra. Alejandro NU\u00d1EZ Dto. Judicial La Matanza. DELITO CONFIGURADO: ESTAFA. OBJETIVOS: 1 predio (300 ha) sito en Km 41, Anastacia Girardot y Areco, Virrey del Pino, La Matanza<\/em>.<br>APREHENDIDO: JOSEPH CHARLY PONCE SARZURI., Boliviano (31), ddo. Cnel C\u00e1rdenas 2012 CABA.<\/p>\n\n\n\n<p>G\u00c9NESIS: 02MAR25 pnal. de \u00e9sta DDI llev\u00f3 a cabo diligencia de allanamiento y registro en predio 300 ha en donde se ofrece en forma ilegal terrenos a la venta en un presunto barrio que se llamar\u00eda a futuro \u201dSIM\u00d3N BOL\u00cdVAR\u201d en Virrey del Pino km 41. Montado personal de esta DDI desde horas tempranda de manera encubierta (quien posee rasgos del altiplano) entre los interesados, se apersonan varias individuos los cuales montan una mesa con un mapa en donde se observa la distribuci\u00f3n de los lotes a la venta. Se puede determinar a los organizadores con sus roles espec\u00edficos, pudiendo presenciar el personal encubierto la venta de uno de los terrones por parte de los sindicados, configurando el detlito Ut-Supra, todo lo cual tambi\u00e9n es documentado a trav\u00e9s de avistaje a\u00e9reo (DRON). En un momento dado arriba al predio un micro escolar provisto por los vendedores en donde se traslada a potenciales compradores (45 personas) a los cuales a trav\u00e9s de una exposici\u00f3n se les informa las caracter\u00edsticas del barrio y forma de pago. Es cuando se ordena el arribo de la comitiva policial dispuesta y la cual se encontraba aguardando a una distancia prudencial. Desplegado el operativo se logra individualizar a los sindicados e identificar a los compradores. De inmediato se apersona en el lugar Sra. A.F. quien avalo lo actuado, dispuso la aprehensi\u00f3n del organizador y a la recepci\u00f3n de testimonial al conductor del colectivo, asistentes del organizador, al casero del predio y los interesados del emprendimiento, como asimismo al secuestro de documentaci\u00f3n relacionada a la comercializaci\u00f3n de los lotes y el micro escolar utilizado para el traslado marca AGRALE MT 12.0 LE dominio IVF181.<br>Cabe destacar que dichos lotes eran publicitados a trav\u00e9s de redes sociales lo que le daba mayor difusi\u00f3n.<\/p>\n\n\n\n<figure class=\"wp-block-embed is-type-video is-provider-youtube wp-block-embed-youtube wp-embed-aspect-16-9 wp-has-aspect-ratio\"><div class=\"wp-block-embed__wrapper\">\n<iframe loading=\"lazy\" title=\"La Matanza allanamiento y aprehendido por mega estafa\" width=\"700\" height=\"394\" src=\"https:\/\/www.youtube.com\/embed\/WRX_zQJNZPA?feature=oembed\" frameborder=\"0\" allow=\"accelerometer; autoplay; clipboard-write; encrypted-media; gyroscope; picture-in-picture; web-share\" referrerpolicy=\"strict-origin-when-cross-origin\" allowfullscreen><\/iframe>\n<\/div><\/figure>\n\n\n\n<p><strong>Fuente: <a href=\"https:\/\/losbonaerenses.com.ar\/\">Los Bonaerenses<\/a><\/strong><\/p>\n\n\n\n<p><\/p>\n","protected":false},"excerpt":{"rendered":"<p>La polic\u00eda bonaerense, logr\u00f3 la aprehensi\u00f3n de un hombre que mediante enga\u00f1os pretend\u00eda llevar adelante una mega estafa, promocionando la venta de terrenos en un predio, El parte policial: DDI LA MATANZACCA RESULTADO DE ALLANAMIENTO CAUSA: IPP 05-00-0011519-25. INT: UFI 8 Dra. Alejandro NU\u00d1EZ Dto. Judicial La Matanza. DELITO CONFIGURADO: ESTAFA. OBJETIVOS: 1 predio (300&hellip;<\/p>\n","protected":false},"author":1,"featured_media":136425,"comment_status":"open","ping_status":"open","sticky":false,"template":"","format":"standard","meta":{"footnotes":""},"categories":[22],"tags":[15315,2450,42799,1401,44843,6949],"class_list":["post-136424","post","type-post","status-publish","format-standard","has-post-thumbnail","hentry","category-policiales","tag-ddi-la-matanza","tag-diario-el-sindical","tag-jefe-de-policia-comisario-general-javier-carlos-villar","tag-la-matanza","tag-mega-estafa","tag-virrey-del-pino"],"_links":{"self":[{"href":"https:\/\/www.elsindical.com.ar\/notas\/wp-json\/wp\/v2\/posts\/136424","targetHints":{"allow":["GET"]}}],"collection":[{"href":"https:\/\/www.elsindical.com.ar\/notas\/wp-json\/wp\/v2\/posts"}],"about":[{"href":"https:\/\/www.elsindical.com.ar\/notas\/wp-json\/wp\/v2\/types\/post"}],"author":[{"embeddable":true,"href":"https:\/\/www.elsindical.com.ar\/notas\/wp-json\/wp\/v2\/users\/1"}],"replies":[{"embeddable":true,"href":"https:\/\/www.elsindical.com.ar\/notas\/wp-json\/wp\/v2\/comments?post=136424"}],"version-history":[{"count":1,"href":"https:\/\/www.elsindical.com.ar\/notas\/wp-json\/wp\/v2\/posts\/136424\/revisions"}],"predecessor-version":[{"id":136426,"href":"https:\/\/www.elsindical.com.ar\/notas\/wp-json\/wp\/v2\/posts\/136424\/revisions\/136426"}],"wp:featuredmedia":[{"embeddable":true,"href":"https:\/\/www.elsindical.com.ar\/notas\/wp-json\/wp\/v2\/media\/136425"}],"wp:attachment":[{"href":"https:\/\/www.elsindical.com.ar\/notas\/wp-json\/wp\/v2\/media?parent=136424"}],"wp:term":[{"taxonomy":"category","embeddable":true,"href":"https:\/\/www.elsindical.com.ar\/notas\/wp-json\/wp\/v2\/categories?post=136424"},{"taxonomy":"post_tag","embeddable":true,"href":"https:\/\/www.elsindical.com.ar\/notas\/wp-json\/wp\/v2\/tags?post=136424"}],"curies":[{"name":"wp","href":"https:\/\/api.w.org\/{rel}","templated":true}]}}