{"id":136409,"date":"2025-03-02T16:03:03","date_gmt":"2025-03-02T19:03:03","guid":{"rendered":"https:\/\/www.elsindical.com.ar\/notas\/?p=136409"},"modified":"2025-03-02T16:03:09","modified_gmt":"2025-03-02T19:03:09","slug":"el-f-16-que-presento-petri-no-levantara-vuelo-solo-capacitara-a-pilotos-y-tecnicos-militares-en-tierra","status":"publish","type":"post","link":"https:\/\/www.elsindical.com.ar\/notas\/el-f-16-que-presento-petri-no-levantara-vuelo-solo-capacitara-a-pilotos-y-tecnicos-militares-en-tierra\/","title":{"rendered":"El F-16 que present\u00f3 Petri no levantar\u00e1 vuelo: s\u00f3lo capacitar\u00e1 a pilotos y t\u00e9cnicos militares en tierra"},"content":{"rendered":"<div class=\"wp-block-image\">\n<figure class=\"aligncenter size-full is-resized\"><a href=\"https:\/\/www.elsindical.com.ar\/notas\/var\/www\/html\/notas\/wp-content\/uploads\/2025\/03\/presentacion-F-16.jpg\"><img loading=\"lazy\" decoding=\"async\" width=\"700\" height=\"379\" src=\"https:\/\/www.elsindical.com.ar\/notas\/var\/www\/html\/notas\/wp-content\/uploads\/2025\/03\/presentacion-F-16.jpg\" alt=\"\" class=\"wp-image-136410\" style=\"width:786px;height:auto\" srcset=\"https:\/\/www.elsindical.com.ar\/notas\/var\/www\/html\/notas\/wp-content\/uploads\/2025\/03\/presentacion-F-16.jpg 700w, https:\/\/www.elsindical.com.ar\/notas\/var\/www\/html\/notas\/wp-content\/uploads\/2025\/03\/presentacion-F-16-300x162.jpg 300w\" sizes=\"auto, (max-width: 700px) 100vw, 700px\" \/><\/a><\/figure>\n<\/div>\n\n\n<p>El primer avi\u00f3n F-16 que el ministro de Defensa, Luis Petri, present\u00f3 d\u00edas atr\u00e1s en la VI Brigada A\u00e9rea de Tandil no levantar\u00e1 vuelo y s\u00f3lo capacitar\u00e1 en tierra a pilotos y t\u00e9cnicos militares en tierra.<\/p>\n\n\n\n<p>Adem\u00e1s, se conoci\u00f3 en las \u00faltimas horas que los 24 aviones caza adquiridos a Dinamarca para recuperar la capacidad supers\u00f3nica de la Fuerza A\u00e9rea Argentina (FAA), comenzar\u00e1n a llegar al pa\u00eds en diciembre de este a\u00f1o, un a\u00f1o y ocho meses de haberse firmado el acuerdo.<\/p>\n\n\n\n<p>La operaci\u00f3n fue cerrada en 300 millones de d\u00f3lares, a lo que hay que sumar otros US$350 millones por el sistema de armas provisto por los Estados Unidos.<\/p>\n\n\n\n<p>\u00abEl primer F-16 ya se encuentra en la Argentina. Gracias a la determinaci\u00f3n del presidente Javier Milei recuperamos la capacidad supers\u00f3nica\u00bb, hab\u00eda anunciado Petri.<\/p>\n\n\n\n<p>No obstante, esa aeronave no est\u00e1 en condiciones de volar y est\u00e1 destinada a la instrucci\u00f3n y entrenamiento de los pilotos y t\u00e9cnicos de la Fuerza A\u00e9rea que recibir\u00e1n la capacitaci\u00f3n en tierra.<\/p>\n\n\n\n<p>El avi\u00f3n F-16 que arrib\u00f3 al pa\u00eds para la instrucci\u00f3n de los pilotos y t\u00e9cnicos aeron\u00e1uticos ser\u00e1 la \u00fanica expresi\u00f3n concreta de la operaci\u00f3n en la base militar de Tandil.<\/p>\n\n\n\n<p>Esta aeronave arrib\u00f3 con sus partes desarmadas y fue ensamblada en la VI Brigada A\u00e9rea de Tandil.<\/p>\n\n\n\n<p>En tanto, los 24 aviones caza adquiridos a Dinamarca llegar\u00e1n a la Argentina en cuatro tandas de seis aeronaves cada una, en \u00abvuelos rectos y nivelados\u201d, a velocidad crucero y piloteados por comandantes daneses y argentinos.<\/p>\n\n\n\n<p>Adem\u00e1s, se inform\u00f3 la Argentina no tiene aviones para hacer reabastecimientos en vuelo de estas unidades caza supers\u00f3nicas, por lo que se tendr\u00edan que arrendar aeronaves.<\/p>\n\n\n\n<p>En ese sentido,se espera que por estos meses el Gobierno Nacional adquiera aviones para garantizar esa capacidad de reabastecimiento en vuelo.<\/p>\n\n\n\n<p>Desde septiembre pasado rige un \u00absecreto militar\u00bb sobre todas las obras de remodelaci\u00f3n que se har\u00e1n en la VI Brigada A\u00e9rea de Tandil.<\/p>\n","protected":false},"excerpt":{"rendered":"<p>El primer avi\u00f3n F-16 que el ministro de Defensa, Luis Petri, present\u00f3 d\u00edas atr\u00e1s en la VI Brigada A\u00e9rea de Tandil no levantar\u00e1 vuelo y s\u00f3lo capacitar\u00e1 en tierra a pilotos y t\u00e9cnicos militares en tierra. Adem\u00e1s, se conoci\u00f3 en las \u00faltimas horas que los 24 aviones caza adquiridos a Dinamarca para recuperar la capacidad&hellip;<\/p>\n","protected":false},"author":1,"featured_media":136410,"comment_status":"open","ping_status":"open","sticky":false,"template":"","format":"standard","meta":{"footnotes":""},"categories":[13],"tags":[2450,44838,40475,2025,17492,44840],"class_list":["post-136409","post","type-post","status-publish","format-standard","has-post-thumbnail","hentry","category-politica","tag-diario-el-sindical","tag-f-16","tag-luis-petri","tag-pilotos","tag-tecnicos","tag-vi-brigada-aerea-de-tamdil"],"_links":{"self":[{"href":"https:\/\/www.elsindical.com.ar\/notas\/wp-json\/wp\/v2\/posts\/136409","targetHints":{"allow":["GET"]}}],"collection":[{"href":"https:\/\/www.elsindical.com.ar\/notas\/wp-json\/wp\/v2\/posts"}],"about":[{"href":"https:\/\/www.elsindical.com.ar\/notas\/wp-json\/wp\/v2\/types\/post"}],"author":[{"embeddable":true,"href":"https:\/\/www.elsindical.com.ar\/notas\/wp-json\/wp\/v2\/users\/1"}],"replies":[{"embeddable":true,"href":"https:\/\/www.elsindical.com.ar\/notas\/wp-json\/wp\/v2\/comments?post=136409"}],"version-history":[{"count":1,"href":"https:\/\/www.elsindical.com.ar\/notas\/wp-json\/wp\/v2\/posts\/136409\/revisions"}],"predecessor-version":[{"id":136411,"href":"https:\/\/www.elsindical.com.ar\/notas\/wp-json\/wp\/v2\/posts\/136409\/revisions\/136411"}],"wp:featuredmedia":[{"embeddable":true,"href":"https:\/\/www.elsindical.com.ar\/notas\/wp-json\/wp\/v2\/media\/136410"}],"wp:attachment":[{"href":"https:\/\/www.elsindical.com.ar\/notas\/wp-json\/wp\/v2\/media?parent=136409"}],"wp:term":[{"taxonomy":"category","embeddable":true,"href":"https:\/\/www.elsindical.com.ar\/notas\/wp-json\/wp\/v2\/categories?post=136409"},{"taxonomy":"post_tag","embeddable":true,"href":"https:\/\/www.elsindical.com.ar\/notas\/wp-json\/wp\/v2\/tags?post=136409"}],"curies":[{"name":"wp","href":"https:\/\/api.w.org\/{rel}","templated":true}]}}