{"id":136401,"date":"2025-03-01T19:55:56","date_gmt":"2025-03-01T22:55:56","guid":{"rendered":"https:\/\/www.elsindical.com.ar\/notas\/?p=136401"},"modified":"2025-03-01T19:56:02","modified_gmt":"2025-03-01T22:56:02","slug":"pinamar-hacia-refacciones-en-el-fondo-de-su-casa-y-encontro-mas-de-10-craneos-humanos","status":"publish","type":"post","link":"https:\/\/www.elsindical.com.ar\/notas\/pinamar-hacia-refacciones-en-el-fondo-de-su-casa-y-encontro-mas-de-10-craneos-humanos\/","title":{"rendered":"Pinamar: hac\u00eda refacciones en el fondo de su casa y encontr\u00f3 m\u00e1s de 10 cr\u00e1neos humanos"},"content":{"rendered":"<div class=\"wp-block-image\">\n<figure class=\"aligncenter size-full\"><a href=\"https:\/\/www.elsindical.com.ar\/notas\/var\/www\/html\/notas\/wp-content\/uploads\/2025\/03\/casa-craneos-Ostende.jpg\"><img loading=\"lazy\" decoding=\"async\" width=\"750\" height=\"455\" src=\"https:\/\/www.elsindical.com.ar\/notas\/var\/www\/html\/notas\/wp-content\/uploads\/2025\/03\/casa-craneos-Ostende.jpg\" alt=\"\" class=\"wp-image-136402\" srcset=\"https:\/\/www.elsindical.com.ar\/notas\/var\/www\/html\/notas\/wp-content\/uploads\/2025\/03\/casa-craneos-Ostende.jpg 750w, https:\/\/www.elsindical.com.ar\/notas\/var\/www\/html\/notas\/wp-content\/uploads\/2025\/03\/casa-craneos-Ostende-300x182.jpg 300w\" sizes=\"auto, (max-width: 750px) 100vw, 750px\" \/><\/a><\/figure>\n<\/div>\n\n\n<p>El hallazgo ocurri\u00f3 este s\u00e1bado. En el lugar tambi\u00e9n se descubrieron restos \u00f3seos de animales. Las autoridades trabajan para establecer su origen.<\/p>\n\n\n\n<p>Este s\u00e1bado a la localidad de <strong>Ostende<\/strong>, en el partido de <strong>Pinamar<\/strong>, <strong>el propietario de una vivienda encontr\u00f3 varios cr\u00e1neos humanos mientras realizaba refacciones en el patio trasero de su casa<\/strong>. En el lugar <strong>adem\u00e1s se hallaron restos \u00f3seos de animales<\/strong>. Las autoridades comenzaron a investigar el origen y la antig\u00fcedad de los huesos.<\/p>\n\n\n\n<p>De acuerdo con las primeras informaciones, el hallazgo ocurri\u00f3 en las primeras horas de la tarde y tuvo lugar en un domicilio ubicado en la intersecci\u00f3n de las calles Argel y Ayacucho, el due\u00f1o de la propiedad, quien estaba removiendo arena en el fondo de su terreno, fue quien dio aviso a las autoridades tras descubrir los restos \u00f3seos.<\/p>\n\n\n\n<p>Minutos despu\u00e9s, efectivos de la Comisar\u00eda N\u00b02 de Ostende, la Sub DDI local y dos dotaciones de los Bomberos Voluntarios de Pinamar acudieron al lugar para colaborar en las tareas iniciales junto al personal de la Polic\u00eda Cient\u00edfica, que hasta el cierre de esta nota continuaba trabajando en el sitio para recolectar evidencia y realizar las primeras pericias.<\/p>\n\n\n\n<p>Fuentes oficiales comunicaron que, hasta el momento, se hab\u00edan contabilizado <strong>12 cr\u00e1neos humanos<\/strong>, aunque no se descarta que puedan encontrarse m\u00e1s restos a medida que avancen las excavaciones. Adem\u00e1s, se identificaron huesos de animales en el mismo patio. Seg\u00fan las fuentes, los restos <strong>parecen ser de \u201cmuy vieja data\u201d<\/strong>, aunque esto deber\u00e1 ser confirmado mediante an\u00e1lisis especializados.<\/p>\n\n\n<div class=\"wp-block-image\">\n<figure class=\"aligncenter size-full\"><a href=\"https:\/\/www.elsindical.com.ar\/notas\/var\/www\/html\/notas\/wp-content\/uploads\/2025\/03\/craneos-en-Ostende.jpg\"><img loading=\"lazy\" decoding=\"async\" width=\"550\" height=\"876\" src=\"https:\/\/www.elsindical.com.ar\/notas\/var\/www\/html\/notas\/wp-content\/uploads\/2025\/03\/craneos-en-Ostende.jpg\" alt=\"\" class=\"wp-image-136403\" srcset=\"https:\/\/www.elsindical.com.ar\/notas\/var\/www\/html\/notas\/wp-content\/uploads\/2025\/03\/craneos-en-Ostende.jpg 550w, https:\/\/www.elsindical.com.ar\/notas\/var\/www\/html\/notas\/wp-content\/uploads\/2025\/03\/craneos-en-Ostende-188x300.jpg 188w\" sizes=\"auto, (max-width: 550px) 100vw, 550px\" \/><\/a><\/figure>\n<\/div>","protected":false},"excerpt":{"rendered":"<p>El hallazgo ocurri\u00f3 este s\u00e1bado. En el lugar tambi\u00e9n se descubrieron restos \u00f3seos de animales. Las autoridades trabajan para establecer su origen. Este s\u00e1bado a la localidad de Ostende, en el partido de Pinamar, el propietario de una vivienda encontr\u00f3 varios cr\u00e1neos humanos mientras realizaba refacciones en el patio trasero de su casa. En el&hellip;<\/p>\n","protected":false},"author":1,"featured_media":136402,"comment_status":"open","ping_status":"open","sticky":false,"template":"","format":"standard","meta":{"footnotes":""},"categories":[22],"tags":[44837,175,2450,22364,1516,34450],"class_list":["post-136401","post","type-post","status-publish","format-standard","has-post-thumbnail","hentry","category-policiales","tag-craneos","tag-denuncia","tag-diario-el-sindical","tag-ostende","tag-pinamar","tag-policiales-2"],"_links":{"self":[{"href":"https:\/\/www.elsindical.com.ar\/notas\/wp-json\/wp\/v2\/posts\/136401","targetHints":{"allow":["GET"]}}],"collection":[{"href":"https:\/\/www.elsindical.com.ar\/notas\/wp-json\/wp\/v2\/posts"}],"about":[{"href":"https:\/\/www.elsindical.com.ar\/notas\/wp-json\/wp\/v2\/types\/post"}],"author":[{"embeddable":true,"href":"https:\/\/www.elsindical.com.ar\/notas\/wp-json\/wp\/v2\/users\/1"}],"replies":[{"embeddable":true,"href":"https:\/\/www.elsindical.com.ar\/notas\/wp-json\/wp\/v2\/comments?post=136401"}],"version-history":[{"count":1,"href":"https:\/\/www.elsindical.com.ar\/notas\/wp-json\/wp\/v2\/posts\/136401\/revisions"}],"predecessor-version":[{"id":136404,"href":"https:\/\/www.elsindical.com.ar\/notas\/wp-json\/wp\/v2\/posts\/136401\/revisions\/136404"}],"wp:featuredmedia":[{"embeddable":true,"href":"https:\/\/www.elsindical.com.ar\/notas\/wp-json\/wp\/v2\/media\/136402"}],"wp:attachment":[{"href":"https:\/\/www.elsindical.com.ar\/notas\/wp-json\/wp\/v2\/media?parent=136401"}],"wp:term":[{"taxonomy":"category","embeddable":true,"href":"https:\/\/www.elsindical.com.ar\/notas\/wp-json\/wp\/v2\/categories?post=136401"},{"taxonomy":"post_tag","embeddable":true,"href":"https:\/\/www.elsindical.com.ar\/notas\/wp-json\/wp\/v2\/tags?post=136401"}],"curies":[{"name":"wp","href":"https:\/\/api.w.org\/{rel}","templated":true}]}}